{"id":128707,"date":"2019-10-21T14:50:24","date_gmt":"2019-10-21T17:50:24","guid":{"rendered":"http:\/\/www.caririemacao.com\/1\/?p=128707"},"modified":"2019-10-21T14:50:24","modified_gmt":"2019-10-21T17:50:24","slug":"alcolumbre-ocupara-presidencia-da-republica-durante-viagens-de-bolsonaro-mourao-e-maia","status":"publish","type":"post","link":"https:\/\/www.caririemacao.com\/1\/2019\/10\/21\/alcolumbre-ocupara-presidencia-da-republica-durante-viagens-de-bolsonaro-mourao-e-maia\/","title":{"rendered":"Alcolumbre ocupar\u00e1 Presid\u00eancia da Rep\u00fablica durante viagens de Bolsonaro, Mour\u00e3o e Maia"},"content":{"rendered":"\n<p>&nbsp;(FOLHAPRESS) &#8211; O presidente do Senado, Davi Alcolumbre (DEM-AP), deve ocupar a presid\u00eancia da Rep\u00fablica de quarta-feira (23) a sexta-feira (25).<br><\/p>\n\n\n\n<p>Isso porque estar\u00e3o em viagens o presidente Jair Bolsonaro, em visita \u00e0 \u00c1sia e ao Oriente M\u00e9dio, o vice-presidente Hamilton Mour\u00e3o, que ir\u00e1 ao Peru, e o presidente da C\u00e2mara, Rodrigo Maia (DEM-RJ), que visitar\u00e1 Inglaterra e Irlanda.&nbsp;<\/p>\n\n\n\n<p>A informa\u00e7\u00e3o foi dada nesta segunda-feira (21) por Mour\u00e3o. A jornalistas, ele afirmou que visitar\u00e1 o pa\u00eds latinoamericano que passa por crise pol\u00edtica e institucional, inclusive com a dissolu\u00e7\u00e3o do Congresso no final de setembro, para a assinatura de um acordo de troca de embarca\u00e7\u00f5es entre as marinhas brasileira e peruana.&nbsp;<\/p>\n\n\n\n<p>Com Bolsonaro fora, Mour\u00e3o ocupa a presid\u00eancia da Rep\u00fablica at\u00e9 quarta \u00e0 tarde, quando est\u00e1 previsto o embarque para o Peru.&nbsp;<\/p>\n\n\n\n<p>A partir da\u00ed, deve sentar na cadeira o presidente do Senado. A ordem de sucess\u00e3o na presid\u00eancia \u00e9 funciona desta maneira: vice-presidente, presidente da C\u00e2mara, presidente do Senado e, por fim, presidente do STF (Supremo Tribunal Federal).&nbsp;<\/p>\n\n\n\n<p>Antes, o senador deve comandar as sess\u00f5es de vota\u00e7\u00e3o do segundo turno da reforma da Previd\u00eancia no plen\u00e1rio da Casa.&nbsp;<\/p>\n\n\n\n<p>Segundo Mour\u00e3o, a expectativa do governo \u00e9 de que o texto seja aprovado nesta ter\u00e7a-feira (22). &#8220;Acho que tranquilo, vai votar este segundo turno amanh\u00e3, pela conversa que eu tive com o Alcolumbre desde semana passada&#8221;, afirmou.<\/p>\n","protected":false},"excerpt":{"rendered":"<p>&nbsp;(FOLHAPRESS) &#8211; O presidente do Senado, Davi Alcolumbre (DEM-AP), deve ocupar a presid\u00eancia da Rep\u00fablica de quarta-feira (23) a sexta-feira (25). Isso porque estar\u00e3o em&hellip; <\/p>\n","protected":false},"author":1,"featured_media":83136,"comment_status":"closed","ping_status":"closed","sticky":false,"template":"","format":"standard","meta":{"sfsi_plus_gutenberg_text_before_share":"","sfsi_plus_gutenberg_show_text_before_share":"","sfsi_plus_gutenberg_icon_type":"","sfsi_plus_gutenberg_icon_alignemt":"","sfsi_plus_gutenburg_max_per_row":"","footnotes":""},"categories":[11],"tags":[],"class_list":["post-128707","post","type-post","status-publish","format-standard","has-post-thumbnail","hentry","category-politica"],"_links":{"self":[{"href":"https:\/\/www.caririemacao.com\/1\/wp-json\/wp\/v2\/posts\/128707","targetHints":{"allow":["GET"]}}],"collection":[{"href":"https:\/\/www.caririemacao.com\/1\/wp-json\/wp\/v2\/posts"}],"about":[{"href":"https:\/\/www.caririemacao.com\/1\/wp-json\/wp\/v2\/types\/post"}],"author":[{"embeddable":true,"href":"https:\/\/www.caririemacao.com\/1\/wp-json\/wp\/v2\/users\/1"}],"replies":[{"embeddable":true,"href":"https:\/\/www.caririemacao.com\/1\/wp-json\/wp\/v2\/comments?post=128707"}],"version-history":[{"count":1,"href":"https:\/\/www.caririemacao.com\/1\/wp-json\/wp\/v2\/posts\/128707\/revisions"}],"predecessor-version":[{"id":128708,"href":"https:\/\/www.caririemacao.com\/1\/wp-json\/wp\/v2\/posts\/128707\/revisions\/128708"}],"wp:featuredmedia":[{"embeddable":true,"href":"https:\/\/www.caririemacao.com\/1\/wp-json\/wp\/v2\/media\/83136"}],"wp:attachment":[{"href":"https:\/\/www.caririemacao.com\/1\/wp-json\/wp\/v2\/media?parent=128707"}],"wp:term":[{"taxonomy":"category","embeddable":true,"href":"https:\/\/www.caririemacao.com\/1\/wp-json\/wp\/v2\/categories?post=128707"},{"taxonomy":"post_tag","embeddable":true,"href":"https:\/\/www.caririemacao.com\/1\/wp-json\/wp\/v2\/tags?post=128707"}],"curies":[{"name":"wp","href":"https:\/\/api.w.org\/{rel}","templated":true}]}}