{"id":128709,"date":"2019-10-21T14:57:30","date_gmt":"2019-10-21T17:57:30","guid":{"rendered":"http:\/\/www.caririemacao.com\/1\/?p=128709"},"modified":"2019-10-21T14:57:30","modified_gmt":"2019-10-21T17:57:30","slug":"alunos-sao-flagrados-fazendo-prova-com-caixa-de-papelao-na-cabeca","status":"publish","type":"post","link":"https:\/\/www.caririemacao.com\/1\/2019\/10\/21\/alunos-sao-flagrados-fazendo-prova-com-caixa-de-papelao-na-cabeca\/","title":{"rendered":"Alunos s\u00e3o flagrados fazendo prova com caixa de papel\u00e3o na cabe\u00e7a"},"content":{"rendered":"\n<p>Uma escola indiana pediu desculpas publicamente depois que imagens de seus estudantes fazendo uma prova com caixa de papel\u00e3o na cabe\u00e7a viralizaram nas redes sociais e geraram pol\u00eamica.<br><\/p>\n\n\n\n<p>&nbsp;O registro foi feito durante uma prova de qu\u00edmica na Bhagat Pre-University College, em Haveri, no Estado de Karnataka, no sul da \u00cdndia.<\/p>\n\n\n\n<p>Segundo os estudantes, a ideia partiu da dire\u00e7\u00e3o da escola para evitar que eles &#8220;colassem&#8221; durante a avalia\u00e7\u00e3o.<\/p>\n\n\n\n<p>Em entrevista \u00e0 BBC Hindu, o servi\u00e7o de not\u00edcias em hindu da BBC, MB Satish, funcion\u00e1rio do col\u00e9gio, lamentou que a t\u00e9cnica tenha sido usada.<\/p>\n\n\n\n<p>Ele disse que a escola s\u00f3 implementou a medida em uma &#8220;base experimental&#8221; depois de ouvir sobre seu uso em outros lugares.&nbsp;&nbsp;<\/p>\n\n\n\n<p>Satish acrescentou ainda que tudo foi feito com o consentimento dos estudantes \u2014 na verdade, eles trouxeram suas pr\u00f3prias caixas de papel\u00e3o de casa.<\/p>\n\n\n\n<p>&#8220;Ningu\u00e9m foi obrigado a nada. Voc\u00ea pode ver na foto que alguns estudantes n\u00e3o estavam usando (a caixa de papel\u00e3o na cabe\u00e7a)&#8221;, disse ele. &#8220;Alguns colocaram a caix\u00e3o de papel\u00e3o na cabe\u00e7a e a removeram depois de 15 minutos, outros ap\u00f3s 20 minutos e n\u00f3s mesmos pedimos para todos removerem-na ap\u00f3s uma hora.&#8221;<\/p>\n\n\n\n<p>Logo ap\u00f3s serem informadas sobre o ocorrido, autoridades indianas criticaram publicamente a pr\u00e1tica.<\/p>\n\n\n\n<p>SC Peerjade, vice-diretor do Conselho de Educa\u00e7\u00e3o pr\u00e9-universit\u00e1rio local, descreveu a t\u00e9cnica como &#8220;desumana&#8221;.<\/p>\n\n\n\n<p>&#8220;Quando recebi uma mensagem sobre isso, fui imediatamente para o col\u00e9gio e ordenei \u00e0 dire\u00e7\u00e3o que interrompesse a pr\u00e1tica&#8221;, disse ele ao jornal Times of India. &#8220;Tamb\u00e9m dei uma advert\u00eancia \u00e0 dire\u00e7\u00e3o da escola e estou avaliando uma a\u00e7\u00e3o disciplinar contra eles por implementar essa ideia&#8221;.<\/p>\n\n\n\n<p>Os funcion\u00e1rios da escola disseram que cessaram a pr\u00e1tica e est\u00e3o cooperando com a diretiva do conselho escolar.<\/p>\n","protected":false},"excerpt":{"rendered":"<p>Uma escola indiana pediu desculpas publicamente depois que imagens de seus estudantes fazendo uma prova com caixa de papel\u00e3o na cabe\u00e7a viralizaram nas redes sociais&hellip; <\/p>\n","protected":false},"author":1,"featured_media":128710,"comment_status":"closed","ping_status":"closed","sticky":false,"template":"","format":"standard","meta":{"sfsi_plus_gutenberg_text_before_share":"","sfsi_plus_gutenberg_show_text_before_share":"","sfsi_plus_gutenberg_icon_type":"","sfsi_plus_gutenberg_icon_alignemt":"","sfsi_plus_gutenburg_max_per_row":"","footnotes":""},"categories":[14],"tags":[],"class_list":["post-128709","post","type-post","status-publish","format-standard","has-post-thumbnail","hentry","category-educacao"],"_links":{"self":[{"href":"https:\/\/www.caririemacao.com\/1\/wp-json\/wp\/v2\/posts\/128709","targetHints":{"allow":["GET"]}}],"collection":[{"href":"https:\/\/www.caririemacao.com\/1\/wp-json\/wp\/v2\/posts"}],"about":[{"href":"https:\/\/www.caririemacao.com\/1\/wp-json\/wp\/v2\/types\/post"}],"author":[{"embeddable":true,"href":"https:\/\/www.caririemacao.com\/1\/wp-json\/wp\/v2\/users\/1"}],"replies":[{"embeddable":true,"href":"https:\/\/www.caririemacao.com\/1\/wp-json\/wp\/v2\/comments?post=128709"}],"version-history":[{"count":1,"href":"https:\/\/www.caririemacao.com\/1\/wp-json\/wp\/v2\/posts\/128709\/revisions"}],"predecessor-version":[{"id":128711,"href":"https:\/\/www.caririemacao.com\/1\/wp-json\/wp\/v2\/posts\/128709\/revisions\/128711"}],"wp:featuredmedia":[{"embeddable":true,"href":"https:\/\/www.caririemacao.com\/1\/wp-json\/wp\/v2\/media\/128710"}],"wp:attachment":[{"href":"https:\/\/www.caririemacao.com\/1\/wp-json\/wp\/v2\/media?parent=128709"}],"wp:term":[{"taxonomy":"category","embeddable":true,"href":"https:\/\/www.caririemacao.com\/1\/wp-json\/wp\/v2\/categories?post=128709"},{"taxonomy":"post_tag","embeddable":true,"href":"https:\/\/www.caririemacao.com\/1\/wp-json\/wp\/v2\/tags?post=128709"}],"curies":[{"name":"wp","href":"https:\/\/api.w.org\/{rel}","templated":true}]}}