{"id":128716,"date":"2019-10-21T14:59:42","date_gmt":"2019-10-21T17:59:42","guid":{"rendered":"http:\/\/www.caririemacao.com\/1\/?p=128716"},"modified":"2019-10-21T14:59:42","modified_gmt":"2019-10-21T17:59:42","slug":"virada-de-mesa-filho-de-bolsonaro-e-o-novo-lider-do-psl-a-camara","status":"publish","type":"post","link":"https:\/\/www.caririemacao.com\/1\/2019\/10\/21\/virada-de-mesa-filho-de-bolsonaro-e-o-novo-lider-do-psl-a-camara\/","title":{"rendered":"Virada de mesa: filho de Bolsonaro \u00e9 o novo l\u00edder do PSL a C\u00e2mara"},"content":{"rendered":"\n<p>(FOLHAPRESS) \u2013 Em nova reviravolta dentro do PSL, o Delegado Waldir (GO) decidiu entregar o cargo de l\u00edder do partido na C\u00e2mara.<\/p>\n\n\n\n<p>O deputado Eduardo Bolsonaro (SP) \u00e9 o novo ocupante do posto. Seu nome j\u00e1 foi oficializado na p\u00e1gina da C\u00e2mara.<\/p>\n\n\n\n<p>A Secretaria-Geral da Mesa Diretora da C\u00e2mara dos Deputados confirmou nesta segunda-feira (21) o nome de Eduardo como novo l\u00edder do PSL na Casa. Segundo a SGM, a ala bolsonarista do PSL conseguiu coletar 32 assinaturas em apoio de Eduardo.<\/p>\n\n\n\n<p>Desse total, tr\u00eas eram repetidas e uma n\u00e3o conferiu, o que significa que apenas 28 assinaturas foram consideradas v\u00e1lidas -eram necess\u00e1rias pelo menos 27.<\/p>\n\n\n\n<p>A confirma\u00e7\u00e3o ocorreu pouco depois de Waldir entregar o cargo. A desist\u00eancia do deputado de ocupar o posto foi anunciada por meio de um v\u00eddeo gravado por ele na manh\u00e3 desta segunda-feira e divulgado por sua assessoria de imprensa.<\/p>\n\n\n\n<p>\u201cVenho a p\u00fablico fazer um esclarecimento, o meu partido, o PSL, decidiu retirar a a\u00e7\u00e3o de suspens\u00e3o de cinco parlamentares e aceitamos democraticamente que foi feita por parlamentares. J\u00e1 estarei \u00e0 disposi\u00e7\u00e3o do novo l\u00edder para de forma transparente passar para ele toda a lideran\u00e7a do PSL\u201d, disse o deputado.<\/p>\n\n\n\n<p>Ao falar que as suspens\u00f5es foram desfeitas, Waldir se refere \u00e0 decis\u00e3o tomada na semana passada pelo comando do partido.<\/p>\n\n\n\n<p>O presidente nacional do PSL, deputado Luciano Bivar (PE), anunciou a suspens\u00e3o de cinco deputados ligados ao presidente -Carlos Jordy, Al\u00ea Silva, Bibo Nunes, Carla Zambelli e Filipe Barros.<\/p>\n\n\n\n<p>O objetivo da manobra era impedir que eles representassem a legenda em qualquer atividade na C\u00e2mara, incluindo a vota\u00e7\u00e3o para l\u00edder da bancada.<\/p>\n\n\n\n<p>O an\u00fancio da desist\u00eancia das suspens\u00f5es e do cargo de l\u00edder foi feito por meio de um v\u00eddeo caseiro gravado pelo pr\u00f3prio Waldir no qual se pode notar que ele l\u00ea uma mensagem pronta.<\/p>\n\n\n\n<p>O deputado, que na semana passada foi gravado dizendo que poderia implodir o presidente Jair Bolsonaro (PSL), n\u00e3o faz nenhuma men\u00e7\u00e3o direta ao seu nome, mas manda um recado para o Pal\u00e1cio do Planalto ao dizer que o Poder Executivo n\u00e3o pode interferir no Legislativo.<\/p>\n\n\n\n<p>\u201cQueria agradecer os parlamentares que confiaram nesse nosso projeto, dizer que n\u00e3o somos subordinados a nenhum governador, a nenhum presidente, mas sim ao meu eleitor e vou continuar defendendo todas prerrogativas do Parlamento. N\u00f3s n\u00e3o rasgamos a Constitui\u00e7\u00e3o ainda. N\u00f3s n\u00e3o rasgamos a Constitui\u00e7\u00e3o. A Constitui\u00e7\u00e3o prev\u00ea que o Executivo n\u00e3o deve interferir no Parlamento em nenhuma a\u00e7\u00e3o\u201d, conclui.<\/p>\n\n\n\n<p>Isso porque na manh\u00e3 desta segunda a ala do PSL ligada ao presidente Bolsonaro retomou os esfor\u00e7os para tentar destituir Waldir, que \u00e9 aliado do presidente do partido, o deputado Luciano Bivar (PE).<\/p>\n\n\n\n<p>O l\u00edder do governo na Casa, Major Vitor Hugo (PSL-GO), disse ter protocolado \u00e0s 9h30 junto \u00e0 Secretaria-Geral da Mesa Diretora uma lista com 29 assinaturas para destituir Waldir da lideran\u00e7a do PSL na C\u00e2mara e substitui-lo por Eduardo.<\/p>\n\n\n\n<p>Em uma rede social, Vitor Hugo afirmou ter assinado a lista e reunido as assinaturas de Al\u00ea Silva (MG), Aline Sleutjes (PR), Bia Kicis (DF), Bibo Nunes (RS), Carla Zambelli (SP), Carlos Jordy (RJ), Caroline de Toni (SC), Chris Tonietto (RJ), Coronel Armando (SC), Coronel Chris\u00f3stomo (RO), Daniel Freitas (SC), Daniel Silveira (RJ), Dr. Luiz Ovando (MS), Eduardo Bolsonaro (SP), En\u00e9ias Reis (MG), Filipe Barros (PR), General Gir\u00e3o (RN), General Peternelli (SP), Guiga Peixoto (SP), Helio Lopes (RJ), Junio Amaral (MG), L\u00e9o Motta (MG), Luiz Lima (RJ), Luiz Philippe de Orleans e Bragan\u00e7a (SP), Marcelo Brum (RS), Marcio Labre (RJ), Ricardo Pericar (RJ) e Sanderson (RS).<\/p>\n\n\n\n<p>A reviravolta \u00e9 mais um desdobramento do racha enfrentado pelo partido de Bolsonaro, evidenciado h\u00e1 duas semanas quando ele disse que Bivar estava \u201cqueimado para caramba\u201d e admitiu que pretende deixar a legenda.<\/p>\n\n\n\n<p>Na semana passada, o presidente decidiu retirar a deputada Joice Hasselmann (SP) da lideran\u00e7a do governo no Congresso. Ela foi substitu\u00edda pelo senador Eduardo Gomes (MDB-TO), que \u00e9 vice-l\u00edder.<\/p>\n\n\n\n<p>Do outro lado, Bivar decidiu ainda destituir Eduardo e o senador Fl\u00e1vio Bolsonaro (PSL-RJ), filho mais velho do presidente, dos comandos da legenda em S\u00e3o Paulo e no Rio de Janeiro, respectivamente.<\/p>\n\n\n\n<p>Outra aliada de Bolsonaro, a deputada Bia Kicis (PSL-DF) tamb\u00e9m foi removida da presid\u00eancia do PSL do Distrito Federal.<\/p>\n\n\n\n<p>Em meio a isso tudo, foram divulgados dois \u00e1udios que acirraram os \u00e2nimos nas duas alas. O presidente foi gravado falando com um interlocutor sobre a lista para retirar Waldir da lideran\u00e7a do PSL. Em outro, o pr\u00f3prio Waldir chamou Bolsonaro de vagabundo e disse que ia implodir o presidente.<\/p>\n\n\n\n<p>O \u00e1udio, de dura\u00e7\u00e3o de nove minutos, traz uma s\u00e9rie de reclama\u00e7\u00f5es dos deputados sobre a interfer\u00eancia do presidente na lideran\u00e7a do partido.<\/p>\n\n\n\n<p>O escalonamento da crise levou a den\u00fancias de compra de apoio de parlamentares por Bolsonaro. Segundo Waldir, o presidente teria oferecido cargos e controle partid\u00e1rio a quem votasse em Eduardo para l\u00edder do PSL na C\u00e2mara.<\/p>\n\n\n\n<p>A atual crise no partido tem como origem o esquema de candidaturas laranjas do PSL, caso revelado pela Folha em uma s\u00e9rie de publica\u00e7\u00f5es desde o in\u00edcio do ano. O epis\u00f3dio \u00e9 um dos elementos de desgaste entre o grupo de Bivar e o de Bolsonaro, que amea\u00e7a deixar o partido.<\/p>\n","protected":false},"excerpt":{"rendered":"<p>(FOLHAPRESS) \u2013 Em nova reviravolta dentro do PSL, o Delegado Waldir (GO) decidiu entregar o cargo de l\u00edder do partido na C\u00e2mara. O deputado Eduardo&hellip; <\/p>\n","protected":false},"author":1,"featured_media":128717,"comment_status":"closed","ping_status":"closed","sticky":false,"template":"","format":"standard","meta":{"sfsi_plus_gutenberg_text_before_share":"","sfsi_plus_gutenberg_show_text_before_share":"","sfsi_plus_gutenberg_icon_type":"","sfsi_plus_gutenberg_icon_alignemt":"","sfsi_plus_gutenburg_max_per_row":"","footnotes":""},"categories":[11],"tags":[],"class_list":["post-128716","post","type-post","status-publish","format-standard","has-post-thumbnail","hentry","category-politica"],"_links":{"self":[{"href":"https:\/\/www.caririemacao.com\/1\/wp-json\/wp\/v2\/posts\/128716","targetHints":{"allow":["GET"]}}],"collection":[{"href":"https:\/\/www.caririemacao.com\/1\/wp-json\/wp\/v2\/posts"}],"about":[{"href":"https:\/\/www.caririemacao.com\/1\/wp-json\/wp\/v2\/types\/post"}],"author":[{"embeddable":true,"href":"https:\/\/www.caririemacao.com\/1\/wp-json\/wp\/v2\/users\/1"}],"replies":[{"embeddable":true,"href":"https:\/\/www.caririemacao.com\/1\/wp-json\/wp\/v2\/comments?post=128716"}],"version-history":[{"count":1,"href":"https:\/\/www.caririemacao.com\/1\/wp-json\/wp\/v2\/posts\/128716\/revisions"}],"predecessor-version":[{"id":128718,"href":"https:\/\/www.caririemacao.com\/1\/wp-json\/wp\/v2\/posts\/128716\/revisions\/128718"}],"wp:featuredmedia":[{"embeddable":true,"href":"https:\/\/www.caririemacao.com\/1\/wp-json\/wp\/v2\/media\/128717"}],"wp:attachment":[{"href":"https:\/\/www.caririemacao.com\/1\/wp-json\/wp\/v2\/media?parent=128716"}],"wp:term":[{"taxonomy":"category","embeddable":true,"href":"https:\/\/www.caririemacao.com\/1\/wp-json\/wp\/v2\/categories?post=128716"},{"taxonomy":"post_tag","embeddable":true,"href":"https:\/\/www.caririemacao.com\/1\/wp-json\/wp\/v2\/tags?post=128716"}],"curies":[{"name":"wp","href":"https:\/\/api.w.org\/{rel}","templated":true}]}}