{"id":128723,"date":"2019-10-21T15:02:33","date_gmt":"2019-10-21T18:02:33","guid":{"rendered":"http:\/\/www.caririemacao.com\/1\/?p=128723"},"modified":"2019-10-21T15:02:33","modified_gmt":"2019-10-21T18:02:33","slug":"movimentos-pro-bolsonaro-divulgam-nota-contra-julian-lemos-falso-representante-da-direita-na-pb","status":"publish","type":"post","link":"https:\/\/www.caririemacao.com\/1\/2019\/10\/21\/movimentos-pro-bolsonaro-divulgam-nota-contra-julian-lemos-falso-representante-da-direita-na-pb\/","title":{"rendered":"Movimentos pr\u00f3-Bolsonaro divulgam nota contra Julian Lemos: \u201cfalso representante da direita na PB\u201d"},"content":{"rendered":"\n<p>Movimentos pr\u00f3-Bolsonaro na Para\u00edba emitiram uma nota, na manh\u00e3 desta segunda-feira (21), direcionada ao deputado federal Julian Lemos (PSL), intitulada \u201cNota de apoio ao presidente da Rep\u00fablica\u201d.- Continua depois da publicidade &#8211;<\/p>\n\n\n\n<p>No manifesto, o deputado federal \u00e9 chamado de \u201cFALSO REPRESENTANTE DA DIREITA NA PB\u201d.<\/p>\n\n\n\n<p>O texto assinado por dez movimentos cita \u201cincertezas que pairam no planalto do governo e amea\u00e7am desestabilizar o nosso pa\u00eds\u201d e solicita aos ativistas de direita para que \u201ccompreenda bem o cen\u00e1rio pol\u00edtico que o cerca, e baseado na racionalidade, n\u00e3o cair nas narrativas interpostas por \u201cFALSO REPRESENTANTE DA DIREITA NA PB\u201d.<\/p>\n\n\n\n<p>Antes de direcionar o manifesto \u00e0 Julian, o movimento pr\u00f3-Bolsonaro destaca que nenhum pol\u00edtico da Para\u00edba que diz defender Jair Bolsonaro, conseguir\u00e1 convencer a milit\u00e2ncia do partido a ficar contra o presidente.<\/p>\n\n\n\n<p>\u201cAproveitamos, ainda, para deixar claro que NENHUM pol\u00edtico de mandato do nosso estado, que se diz defender o atual Presidente da Rep\u00fablica Federativa do Brasil, ser\u00e1 capaz de convencer a milit\u00e2ncia direitista a ficar contra o Presidente Jair Bolsonaro em detrimento de presidente nacional de partido\u201d, afirmou.<\/p>\n\n\n\n<p><strong>Confira nota na \u00edntegra:<\/strong><\/p>\n\n\n\n<p><em>Em nome dos movimentos de direita institu\u00eddos em prol das causas conservadoras deste Governo Federal e em benef\u00edcio da na\u00e7\u00e3o brasileira, viemos em p\u00fablico nos manifestar em favor de nosso presidente Jair Messias Bolsonaro e do nosso amado Brasil.<\/em><\/p>\n\n\n\n<p><em>N\u00e3o podemos compactuar com este cen\u00e1rio de incertezas que pairam no planalto do governo e amea\u00e7am desestabilizar o nosso pa\u00eds. Muitos se elegeram com um discurso aliado ao nosso presidente, mas rapidamente ao desarmarem seus palanques eleitorais tamb\u00e9m se despiram de suas m\u00e1scaras de direita dizendo que \u201ca onda Bolsonaro acabou\u201d quando na verdade a cada dia se torna mais intensa pela autenticidade de nosso presidente.<\/em><\/p>\n\n\n\n<p><em>Desta forma, entendemos que todo e qualquer ativista da direita tem por obriga\u00e7\u00e3o compreender bem o cen\u00e1rio pol\u00edtico que o cerca, e baseado na racionalidade, n\u00e3o cair nas narrativas interpostas por \u201cFALSO REPRESENTANTE DA DIREITA NA PB\u201d. Portanto, diante das in\u00fameras posturas corretas adotadas pelo Presidente Jair Bolsonaro, n\u00f3s, os ativistas da direita na Para\u00edba, temos a certeza que o presidente vem honrando o seu discurso de campanha, sempre em busca da moralidade, transpar\u00eancia e, sobretudo, da verdade.<\/em><\/p>\n\n\n\n<p><em>Aproveitamos, ainda, para deixar claro que NENHUM pol\u00edtico de mandato do nosso estado, que se diz defender o atual Presidente da Rep\u00fablica Federativa do Brasil, ser\u00e1 capaz de convencer a milit\u00e2ncia direitista a ficar contra o Presidente Jair Bolsonaro em detrimento de presidente nacional de partido. Como tamb\u00e9m estamos atentos nos que em determinadas situa\u00e7\u00f5es d\u00e3o declara\u00e7\u00f5es em apoio ao Presidente, e em outras circunst\u00e2ncias se mostram mais preocupados com os interesses partid\u00e1rios e pessoais. N\u00f3s, os direitistas do Estado da Para\u00edba, nos apegamos a valores, a respeito e a lealdade, e n\u00e3o \u00e0 siglas!<\/em><\/p>\n\n\n\n<p><em>Sendo assim, enquanto o Presidente Bolsonaro se manter com sua atual postura, n\u00f3s estamos empenhados em defend\u00ea-lo, independentemente da postura de sua atual base parlamentar, o PSL, sendo que a quase totalidade dos parlamentares deste partido DEVE sua vit\u00f3ria eleitoral a Jair Bolsonaro.<\/em><\/p>\n\n\n\n<p><em>Por fim, deixamos claro que nosso intuito n\u00e3o \u00e9 de nos metermos em quest\u00f5es partid\u00e1rias, ou ofender ningu\u00e9m, mas sim, reafirmar o nosso compromisso neste projeto de mudan\u00e7a gradual do nosso Pa\u00eds, e que o Deputado Federal Julian Lemos \u2013 PSL, presidente estadual do partido, em nosso entendimento, n\u00e3o representa os ideais destes movimentos de DIREITA na Para\u00edba! Suas atitudes e declara\u00e7\u00f5es juntamente com as de alguns de seus assessores n\u00e3o condizem com os nossos anseios, vez que, sempre atacam os movimentos de direita nas redes sociais todas as vezes que nos colocamos contr\u00e1rios aos seus interesses pessoais ficando claro que este parlamentar apenas usa nossa ideologia e a lideran\u00e7a do nosso Presidente, como palanque pol\u00edtico.<\/em><\/p>\n","protected":false},"excerpt":{"rendered":"<p>Movimentos pr\u00f3-Bolsonaro na Para\u00edba emitiram uma nota, na manh\u00e3 desta segunda-feira (21), direcionada ao deputado federal Julian Lemos (PSL), intitulada \u201cNota de apoio ao presidente&hellip; <\/p>\n","protected":false},"author":1,"featured_media":128724,"comment_status":"closed","ping_status":"closed","sticky":false,"template":"","format":"standard","meta":{"sfsi_plus_gutenberg_text_before_share":"","sfsi_plus_gutenberg_show_text_before_share":"","sfsi_plus_gutenberg_icon_type":"","sfsi_plus_gutenberg_icon_alignemt":"","sfsi_plus_gutenburg_max_per_row":"","footnotes":""},"categories":[50,11],"tags":[],"class_list":["post-128723","post","type-post","status-publish","format-standard","has-post-thumbnail","hentry","category-destaque","category-politica"],"_links":{"self":[{"href":"https:\/\/www.caririemacao.com\/1\/wp-json\/wp\/v2\/posts\/128723","targetHints":{"allow":["GET"]}}],"collection":[{"href":"https:\/\/www.caririemacao.com\/1\/wp-json\/wp\/v2\/posts"}],"about":[{"href":"https:\/\/www.caririemacao.com\/1\/wp-json\/wp\/v2\/types\/post"}],"author":[{"embeddable":true,"href":"https:\/\/www.caririemacao.com\/1\/wp-json\/wp\/v2\/users\/1"}],"replies":[{"embeddable":true,"href":"https:\/\/www.caririemacao.com\/1\/wp-json\/wp\/v2\/comments?post=128723"}],"version-history":[{"count":1,"href":"https:\/\/www.caririemacao.com\/1\/wp-json\/wp\/v2\/posts\/128723\/revisions"}],"predecessor-version":[{"id":128725,"href":"https:\/\/www.caririemacao.com\/1\/wp-json\/wp\/v2\/posts\/128723\/revisions\/128725"}],"wp:featuredmedia":[{"embeddable":true,"href":"https:\/\/www.caririemacao.com\/1\/wp-json\/wp\/v2\/media\/128724"}],"wp:attachment":[{"href":"https:\/\/www.caririemacao.com\/1\/wp-json\/wp\/v2\/media?parent=128723"}],"wp:term":[{"taxonomy":"category","embeddable":true,"href":"https:\/\/www.caririemacao.com\/1\/wp-json\/wp\/v2\/categories?post=128723"},{"taxonomy":"post_tag","embeddable":true,"href":"https:\/\/www.caririemacao.com\/1\/wp-json\/wp\/v2\/tags?post=128723"}],"curies":[{"name":"wp","href":"https:\/\/api.w.org\/{rel}","templated":true}]}}