{"id":128744,"date":"2019-10-22T07:09:28","date_gmt":"2019-10-22T10:09:28","guid":{"rendered":"http:\/\/www.caririemacao.com\/1\/?p=128744"},"modified":"2019-10-22T07:09:28","modified_gmt":"2019-10-22T10:09:28","slug":"manuela-davila-lancara-livro-em-novembro-na-capital-paraibana","status":"publish","type":"post","link":"https:\/\/www.caririemacao.com\/1\/2019\/10\/22\/manuela-davila-lancara-livro-em-novembro-na-capital-paraibana\/","title":{"rendered":"Manuela D&#8217;\u00c1vila lan\u00e7ar\u00e1 livro em novembro na capital paraibana"},"content":{"rendered":"\n<p> Manuela D&#8217;\u00c1vila, ex-candidata\u00a0\u00e0 vice-presid\u00eancia da Rep\u00fablica, vem a Jo\u00e3o Pessoa para lan\u00e7ar o seu livro &#8220;Por que lutamos?&#8221;.<\/p>\n\n\n\n<p>O lan\u00e7amento acontece no dia 13 de novembro, por\u00e9m sem local definido.<\/p>\n\n\n\n<p>De acordo com Manuela, \u201cPor que lutamos?\u201d, \u00e9&nbsp;\u201cum livro sobre amor e liberdade\u201d.<\/p>\n","protected":false},"excerpt":{"rendered":"<p>Manuela D&#8217;\u00c1vila, ex-candidata\u00a0\u00e0 vice-presid\u00eancia da Rep\u00fablica, vem a Jo\u00e3o Pessoa para lan\u00e7ar o seu livro &#8220;Por que lutamos?&#8221;. O lan\u00e7amento acontece no dia 13 de&hellip; <\/p>\n","protected":false},"author":1,"featured_media":128745,"comment_status":"closed","ping_status":"closed","sticky":false,"template":"","format":"standard","meta":{"sfsi_plus_gutenberg_text_before_share":"","sfsi_plus_gutenberg_show_text_before_share":"","sfsi_plus_gutenberg_icon_type":"","sfsi_plus_gutenberg_icon_alignemt":"","sfsi_plus_gutenburg_max_per_row":"","footnotes":""},"categories":[2],"tags":[],"class_list":["post-128744","post","type-post","status-publish","format-standard","has-post-thumbnail","hentry","category-geral"],"_links":{"self":[{"href":"https:\/\/www.caririemacao.com\/1\/wp-json\/wp\/v2\/posts\/128744","targetHints":{"allow":["GET"]}}],"collection":[{"href":"https:\/\/www.caririemacao.com\/1\/wp-json\/wp\/v2\/posts"}],"about":[{"href":"https:\/\/www.caririemacao.com\/1\/wp-json\/wp\/v2\/types\/post"}],"author":[{"embeddable":true,"href":"https:\/\/www.caririemacao.com\/1\/wp-json\/wp\/v2\/users\/1"}],"replies":[{"embeddable":true,"href":"https:\/\/www.caririemacao.com\/1\/wp-json\/wp\/v2\/comments?post=128744"}],"version-history":[{"count":1,"href":"https:\/\/www.caririemacao.com\/1\/wp-json\/wp\/v2\/posts\/128744\/revisions"}],"predecessor-version":[{"id":128746,"href":"https:\/\/www.caririemacao.com\/1\/wp-json\/wp\/v2\/posts\/128744\/revisions\/128746"}],"wp:featuredmedia":[{"embeddable":true,"href":"https:\/\/www.caririemacao.com\/1\/wp-json\/wp\/v2\/media\/128745"}],"wp:attachment":[{"href":"https:\/\/www.caririemacao.com\/1\/wp-json\/wp\/v2\/media?parent=128744"}],"wp:term":[{"taxonomy":"category","embeddable":true,"href":"https:\/\/www.caririemacao.com\/1\/wp-json\/wp\/v2\/categories?post=128744"},{"taxonomy":"post_tag","embeddable":true,"href":"https:\/\/www.caririemacao.com\/1\/wp-json\/wp\/v2\/tags?post=128744"}],"curies":[{"name":"wp","href":"https:\/\/api.w.org\/{rel}","templated":true}]}}