{"id":128757,"date":"2019-10-22T07:12:21","date_gmt":"2019-10-22T10:12:21","guid":{"rendered":"http:\/\/www.caririemacao.com\/1\/?p=128757"},"modified":"2019-10-22T07:12:21","modified_gmt":"2019-10-22T10:12:21","slug":"ufpb-oferece-mais-de-2-mil-vagas-para-ingresso-de-graduados-reopcao-e-transferencia","status":"publish","type":"post","link":"https:\/\/www.caririemacao.com\/1\/2019\/10\/22\/ufpb-oferece-mais-de-2-mil-vagas-para-ingresso-de-graduados-reopcao-e-transferencia\/","title":{"rendered":"UFPB oferece mais de 2 mil vagas para ingresso de graduados, reop\u00e7\u00e3o e transfer\u00eancia"},"content":{"rendered":"\n<p>A Universidade Federal da Para\u00edba (UFPB) oferta 2.182 vagas, sendo 791 para ingresso de graduados; 694 para reop\u00e7\u00e3o de curso\/turno e 697 para transfer\u00eancia volunt\u00e1ria, com ingresso no per\u00edodo letivo de 2020.1, em 20 de abril do ano que vem.<\/p>\n\n\n\n<p>Poder\u00e1 participar do processo seletivo de ingresso de graduados o candidato que possua diploma de gradua\u00e7\u00e3o de Institui\u00e7\u00e3o de Ensino Superior (IES) devidamente reconhecido pelo Minist\u00e9rio da Educa\u00e7\u00e3o (MEC) e que apresente Hist\u00f3rico Acad\u00eamico com Coeficiente de Rendimento Acad\u00eamico (CRA) igual ou superior a 7,0.<\/p>\n\n\n\n<p>Para reop\u00e7\u00e3o de curso ou de turno, \u00e9 necess\u00e1rio ter integralizado, no m\u00ednimo, 15% da carga hor\u00e1ria; possuir v\u00ednculo ativo e integralizado no curso atual, no m\u00ednimo de dois per\u00edodos letivos regulares, sem incluir per\u00edodos suspensos ou aqueles em que o interessado n\u00e3o integralizou nenhuma carga hor\u00e1ria; e possuir Coeficiente de Rendimento Acad\u00eamico (CRA) igual ou superior a 5,0.<\/p>\n\n\n\n<p>J\u00e1 para requerer transfer\u00eancia volunt\u00e1ria, \u00e9 preciso estar regularmente vinculado em curso de gradua\u00e7\u00e3o de outra IES brasileira, p\u00fablica ou privada, desde que tenha integralizado, na institui\u00e7\u00e3o de origem, um m\u00ednimo de 25% da carga hor\u00e1ria total do curso ao qual se encontra vinculado e que n\u00e3o tenha integralizado mais de 50% da carga hor\u00e1ria total.<\/p>\n\n\n\n<p>As inscri\u00e7\u00f5es devem ser realizadas at\u00e9 esta sexta-feira (25), por meio do&nbsp;<a href=\"http:\/\/www.ufpb.br\/selecaoufpb\">site para ingresso de graduado<\/a>&nbsp;e transfer\u00eancia volunt\u00e1ria e atrav\u00e9s do Sistema Integrado de Gest\u00e3o de Atividades Acad\u00eamicas (Sigaa) da UFPB para reop\u00e7\u00e3o de curso e de turno.&nbsp; Outros detalhes est\u00e3o dispon\u00edveis em editais na&nbsp;<a href=\"http:\/\/www.prg.ufpb.br\/prg\/codesc\/capa-codesc\">p\u00e1gina da Pr\u00f3-reitoria de Gradua\u00e7\u00e3o (PRG)<\/a>.<\/p>\n","protected":false},"excerpt":{"rendered":"<p>A Universidade Federal da Para\u00edba (UFPB) oferta 2.182 vagas, sendo 791 para ingresso de graduados; 694 para reop\u00e7\u00e3o de curso\/turno e 697 para transfer\u00eancia volunt\u00e1ria,&hellip; <\/p>\n","protected":false},"author":1,"featured_media":107121,"comment_status":"closed","ping_status":"closed","sticky":false,"template":"","format":"standard","meta":{"sfsi_plus_gutenberg_text_before_share":"","sfsi_plus_gutenberg_show_text_before_share":"","sfsi_plus_gutenberg_icon_type":"","sfsi_plus_gutenberg_icon_alignemt":"","sfsi_plus_gutenburg_max_per_row":"","footnotes":""},"categories":[14],"tags":[],"class_list":["post-128757","post","type-post","status-publish","format-standard","has-post-thumbnail","hentry","category-educacao"],"_links":{"self":[{"href":"https:\/\/www.caririemacao.com\/1\/wp-json\/wp\/v2\/posts\/128757","targetHints":{"allow":["GET"]}}],"collection":[{"href":"https:\/\/www.caririemacao.com\/1\/wp-json\/wp\/v2\/posts"}],"about":[{"href":"https:\/\/www.caririemacao.com\/1\/wp-json\/wp\/v2\/types\/post"}],"author":[{"embeddable":true,"href":"https:\/\/www.caririemacao.com\/1\/wp-json\/wp\/v2\/users\/1"}],"replies":[{"embeddable":true,"href":"https:\/\/www.caririemacao.com\/1\/wp-json\/wp\/v2\/comments?post=128757"}],"version-history":[{"count":1,"href":"https:\/\/www.caririemacao.com\/1\/wp-json\/wp\/v2\/posts\/128757\/revisions"}],"predecessor-version":[{"id":128758,"href":"https:\/\/www.caririemacao.com\/1\/wp-json\/wp\/v2\/posts\/128757\/revisions\/128758"}],"wp:featuredmedia":[{"embeddable":true,"href":"https:\/\/www.caririemacao.com\/1\/wp-json\/wp\/v2\/media\/107121"}],"wp:attachment":[{"href":"https:\/\/www.caririemacao.com\/1\/wp-json\/wp\/v2\/media?parent=128757"}],"wp:term":[{"taxonomy":"category","embeddable":true,"href":"https:\/\/www.caririemacao.com\/1\/wp-json\/wp\/v2\/categories?post=128757"},{"taxonomy":"post_tag","embeddable":true,"href":"https:\/\/www.caririemacao.com\/1\/wp-json\/wp\/v2\/tags?post=128757"}],"curies":[{"name":"wp","href":"https:\/\/api.w.org\/{rel}","templated":true}]}}