{"id":128771,"date":"2019-10-22T07:17:03","date_gmt":"2019-10-22T10:17:03","guid":{"rendered":"http:\/\/www.caririemacao.com\/1\/?p=128771"},"modified":"2019-10-22T07:17:03","modified_gmt":"2019-10-22T10:17:03","slug":"disputa-no-psl-nao-prejudicara-votacao-da-previdencia-diz-mourao","status":"publish","type":"post","link":"https:\/\/www.caririemacao.com\/1\/2019\/10\/22\/disputa-no-psl-nao-prejudicara-votacao-da-previdencia-diz-mourao\/","title":{"rendered":"Disputa no PSL n\u00e3o prejudicar\u00e1 vota\u00e7\u00e3o da Previd\u00eancia, diz Mour\u00e3o"},"content":{"rendered":"\n<p>O presidente em exerc\u00edcio, Hamilton Mour\u00e3o, disse hoje (21) que a disputa interna no PSL, partido do presidente Jair Bolsonaro, n\u00e3o deve prejudicar a vota\u00e7\u00e3o da proposta de reforma da Previd\u00eancia. O texto da reforma deve ser votado amanh\u00e3 (22) no plen\u00e1rio do Senado, em segundo turno. Para que seja aprovado e siga para promulga\u00e7\u00e3o, o projeto precisa alcan\u00e7ar o m\u00ednimo de 49 votos favor\u00e1veis.<\/p>\n\n\n\n<p>De acordo com Mour\u00e3o, os parlamentares da legenda no Senado est\u00e3o blindados em rela\u00e7\u00e3o \u00e0 disputa na C\u00e2mara dos Deputados. \u201cAcho que n\u00e3o [atrapalha]. A vota\u00e7\u00e3o de maior interesse \u00e9 amanh\u00e3, a da Previd\u00eancia, e o Senado parece que n\u00e3o foi contaminado ainda pela disputa no PSL. Acho que amanh\u00e3 n\u00f3s vencemos isso e espero que, daqui para o final da semana, o PSL se reorganize e chegue a um acordo\u201d, disse Mour\u00e3o a jornalistas.<\/p>\n\n\n\n<p>Na semana passada, disputas em torno do cargo de l\u00edder do partido na C\u00e2mara evidenciaram diverg\u00eancias envolvendo apoiadores do presidente da legenda, deputado Luciano Bivar (PE), e do presidente Jair Bolsonaro.<\/p>\n\n\n\n<p>Nesta segunda-feira, em novo cap\u00edtulo da disputa, o deputado Eduardo Bolsonaro (PSL-SP) conseguiu assumir a lideran\u00e7a da legenda na C\u00e2mara. A troca de comando no PSL ocorreu ap\u00f3s Eduardo apresentar uma nova lista com assinaturas de deputados em seu apoio. A ala bolsonarista conseguiu reunir 28 assinaturas consideradas v\u00e1lidas para tirar do posto o antigo l\u00edder, o deputado Delegado Waldir (GO).<\/p>\n\n\n\n<h2 class=\"wp-block-heading\">Vazamento de \u00f3leo<\/h2>\n\n\n\n<p>Mour\u00e3o voltou a falar sobre o vazamento de \u00f3leo que atinge praias do litoral do Nordeste desde o fim de agosto. O presidente em exerc\u00edcio detalhou um pouco mais o refor\u00e7o dos militares do Ex\u00e9rcito escalados para ajudar na limpeza das praias.<\/p>\n\n\n\n<p>No in\u00edcio da tarde, Mour\u00e3o informou que um grupo militares, da 10\u00aa Brigada de Infantaria Motorizada do Ex\u00e9rcito, em Recife, come\u00e7ou a trabalhar hoje na limpeza das praias. Segundo o presidente em exerc\u00edcio, o grupo \u00e9 formado por cerca de 5 mil militares, n\u00e3o ser\u00e3o todos os militares que atuar\u00e3o. O quantitativo depender\u00e1 das necessidades apontadas.<\/p>\n\n\n\n<p>\u201cQuem define \u00e9 o comandante da brigada, de acordo com a tarefa que ele receber. Por exemplo: &#8216;eu vou ter que limpar 10 praias, ent\u00e3o vamos colocar uma companhia de fuzileiros, que s\u00e3o 120 homens em cada uma das praias&#8217;\u201d, disse Mour\u00e3o. Para ele, o emprego de militares do Ex\u00e9rcito ajuda a dar visibilidade \u00e0s a\u00e7\u00f5es do governo. \u201cO que est\u00e1 acontecendo \u00e9 tipo assim: a gente est\u00e1 fazendo o trabalho e n\u00e3o est\u00e1 tendo visibilidade, ent\u00e3o vamos botar mais visibilidade nisso a\u00ed\u201d, acrescentou.<\/p>\n\n\n\n<p>Sobre a origem do \u00f3leo, o presidente em exerc\u00edcio disse que as pesquisas indicam que o produto pode ter origem venezuelana, mas descartou a participa\u00e7\u00e3o do pa\u00eds vizinho no vazamento. \u201cOs dados dos especialistas, por enquanto, mostram que o \u00f3leo seria venezuelano, mas isso n\u00e3o quer dizer que tem a ver com a Venezuela. O \u00f3leo venezuelano \u00e9 vendido para v\u00e1rios lugares do mundo. A grande coisa \u00e9 que n\u00e3o \u00e9 nosso\u201d, afirmou Mour\u00e3o.<br><br>Ele acrescentou que, em algum momento, o \u00f3leo vai parar de chegar \u00e0s praias. \u201cEle vai se esgotar por si mesmo. A quest\u00e3o que a gente vem investigando, h\u00e1 algum tempo, \u00e9 determinar quem \u00e9 o respons\u00e1vel.\u201d<\/p>\n","protected":false},"excerpt":{"rendered":"<p>O presidente em exerc\u00edcio, Hamilton Mour\u00e3o, disse hoje (21) que a disputa interna no PSL, partido do presidente Jair Bolsonaro, n\u00e3o deve prejudicar a vota\u00e7\u00e3o&hellip; <\/p>\n","protected":false},"author":1,"featured_media":99257,"comment_status":"closed","ping_status":"closed","sticky":false,"template":"","format":"standard","meta":{"sfsi_plus_gutenberg_text_before_share":"","sfsi_plus_gutenberg_show_text_before_share":"","sfsi_plus_gutenberg_icon_type":"","sfsi_plus_gutenberg_icon_alignemt":"","sfsi_plus_gutenburg_max_per_row":"","footnotes":""},"categories":[11],"tags":[],"class_list":["post-128771","post","type-post","status-publish","format-standard","has-post-thumbnail","hentry","category-politica"],"_links":{"self":[{"href":"https:\/\/www.caririemacao.com\/1\/wp-json\/wp\/v2\/posts\/128771","targetHints":{"allow":["GET"]}}],"collection":[{"href":"https:\/\/www.caririemacao.com\/1\/wp-json\/wp\/v2\/posts"}],"about":[{"href":"https:\/\/www.caririemacao.com\/1\/wp-json\/wp\/v2\/types\/post"}],"author":[{"embeddable":true,"href":"https:\/\/www.caririemacao.com\/1\/wp-json\/wp\/v2\/users\/1"}],"replies":[{"embeddable":true,"href":"https:\/\/www.caririemacao.com\/1\/wp-json\/wp\/v2\/comments?post=128771"}],"version-history":[{"count":1,"href":"https:\/\/www.caririemacao.com\/1\/wp-json\/wp\/v2\/posts\/128771\/revisions"}],"predecessor-version":[{"id":128772,"href":"https:\/\/www.caririemacao.com\/1\/wp-json\/wp\/v2\/posts\/128771\/revisions\/128772"}],"wp:featuredmedia":[{"embeddable":true,"href":"https:\/\/www.caririemacao.com\/1\/wp-json\/wp\/v2\/media\/99257"}],"wp:attachment":[{"href":"https:\/\/www.caririemacao.com\/1\/wp-json\/wp\/v2\/media?parent=128771"}],"wp:term":[{"taxonomy":"category","embeddable":true,"href":"https:\/\/www.caririemacao.com\/1\/wp-json\/wp\/v2\/categories?post=128771"},{"taxonomy":"post_tag","embeddable":true,"href":"https:\/\/www.caririemacao.com\/1\/wp-json\/wp\/v2\/tags?post=128771"}],"curies":[{"name":"wp","href":"https:\/\/api.w.org\/{rel}","templated":true}]}}