{"id":128777,"date":"2019-10-22T07:19:15","date_gmt":"2019-10-22T10:19:15","guid":{"rendered":"http:\/\/www.caririemacao.com\/1\/?p=128777"},"modified":"2019-10-22T07:19:15","modified_gmt":"2019-10-22T10:19:15","slug":"mourao-exercito-vai-reforcar-acoes-em-praias-atingidas-por-oleo","status":"publish","type":"post","link":"https:\/\/www.caririemacao.com\/1\/2019\/10\/22\/mourao-exercito-vai-reforcar-acoes-em-praias-atingidas-por-oleo\/","title":{"rendered":"Mour\u00e3o: Ex\u00e9rcito vai refor\u00e7ar a\u00e7\u00f5es em praias atingidas por \u00f3leo"},"content":{"rendered":"\n<p><br>O presidente em exerc\u00edcio, Hamilton Mour\u00e3o, disse hoje (21) que militares do Ex\u00e9rcito v\u00e3o refor\u00e7ar as a\u00e7\u00f5es de limpeza das praias atingidas por \u00f3leo no litoral do Nordeste. De acordo com Mour\u00e3o, um grupo de cerca de 5 mil militares, da 10\u00aa Brigada de Infantaria Motorizada do Ex\u00e9rcito, em Recife (PE), come\u00e7ar\u00e1&nbsp;a trabalhar na limpeza das praias a partir desta segunda-feira. &#8220;Fora os equipamentos que est\u00e3o sendo distribu\u00eddos \u00e0 Defesa Civil dos estados e munic\u00edpios&#8221;, disse ele a jornalistas depois de reuni\u00e3o no Minist\u00e9rio da Defesa sobre o vazamento.<\/p>\n\n\n\n<p>O presidente em exerc\u00edcio informou que o ministro da Defesa, Fernando Azevedo e Silva, vai a Recife e tamb\u00e9m se encontrar\u00e1 amanh\u00e3 (22) com os governadores da Bahia, Rui Costa, e de Sergipe, Belivaldo Chagas Silva, para organizar os esfor\u00e7os de limpeza das praias e que o material recolhido est\u00e1 sendo enviado para f\u00e1bricas de cimento que utilizam o \u00f3leo na linha de produ\u00e7\u00e3o. \u201cA coisa vai sendo organizada\u201d, disse.<\/p>\n\n\n\n<p>Mour\u00e3o disse que o governo trabalha com a hip\u00f3tese de que o derramamento de \u00f3leo tenha ocorrido na regi\u00e3o mar\u00edtima pr\u00f3xima ao litoral do Rio Grande do Norte. \u201cTodos os sistemas de intelig\u00eancia est\u00e3o trabalhando para tentar chegar \u00e0 conclus\u00e3o de onde partiu esse \u00f3leo. A \u00e1rea a gente j\u00e1 sabe, no bico do Rio Grande do Norte, antes de fazer a curva para o norte do Brasil. Pelo tr\u00e2nsito das correntes marinhas, se acredita que dali teria sa\u00eddo esse \u00f3leo. A\u00ed agora \u00e9 cruzar dados\u201d, disse Mour\u00e3o.<\/p>\n\n\n\n<figure class=\"wp-block-image\"><img decoding=\"async\" data-src=\"http:\/\/imagens.ebc.com.br\/6MQO9LT_5tEsaKundvPZCJGAqxM=\/754x0\/smart\/http:\/\/agenciabrasil.ebc.com.br\/sites\/default\/files\/thumbnails\/image\/conteudo23813.jpg?itok=ga9NUHV1\" alt=\" Petrobras res\u00edduos de \u00f3leo praias do Nordeste\" src=\"data:image\/svg+xml;base64,PHN2ZyB3aWR0aD0iMSIgaGVpZ2h0PSIxIiB4bWxucz0iaHR0cDovL3d3dy53My5vcmcvMjAwMC9zdmciPjwvc3ZnPg==\" class=\"lazyload\" \/><\/figure>\n\n\n\n<h6 class=\"wp-block-heading\">Res\u00edduos de \u00f3leo em praias do Nordeste &#8211;&nbsp;<strong>Divulga\u00e7\u00e3o\/Ag\u00eancia Petrobras<\/strong><\/h6>\n\n\n\n<p>O presidente em exerc\u00edcio disse que o governo n\u00e3o demorou em dar resposta ao desastre ambiental, o qual classificou como &#8220;in\u00e9dito no mundo&#8221;. De acordo com ele, o governo n\u00e3o demorou para acionar os protocolos de seguran\u00e7a, mas faltou mais comunica\u00e7\u00e3o.&nbsp;<\/p>\n\n\n\n<p>Mour\u00e3o comentou a decis\u00e3o da ju\u00edza federal Telma Maria Santos Machado, que, em resposta a uma a\u00e7\u00e3o apresentada pelo Minist\u00e9rio P\u00fablico Federal em Sergipe, reconheceu que o governo teria tomado as provid\u00eancias necess\u00e1rias para conter o vazamento de \u00f3leo nas praias do Nordeste.<\/p>\n\n\n\n<p>\u201cA ju\u00edza j\u00e1 analisou, j\u00e1 mostrou que o governo, desde o dia 2 de setembro, j\u00e1 acionou os protocolos correspondentes. Apenas, mais uma vez, nos faltou comunicar mais isso a\u00ed\u201d, disse Mour\u00e3o ao sair da reuni\u00e3o.&nbsp;<\/p>\n\n\n\n<p>Assista na&nbsp;<strong>TV Brasil:<\/strong><\/p>\n\n\n\n<figure><iframe allowfullscreen=\"\" data-src=\"https:\/\/www.youtube.com\/embed\/XJayEexwlQA\" src=\"data:image\/svg+xml;base64,PHN2ZyB3aWR0aD0iMSIgaGVpZ2h0PSIxIiB4bWxucz0iaHR0cDovL3d3dy53My5vcmcvMjAwMC9zdmciPjwvc3ZnPg==\" class=\"lazyload\" data-load-mode=\"1\"><\/iframe><\/figure>\n","protected":false},"excerpt":{"rendered":"<p>O presidente em exerc\u00edcio, Hamilton Mour\u00e3o, disse hoje (21) que militares do Ex\u00e9rcito v\u00e3o refor\u00e7ar as a\u00e7\u00f5es de limpeza das praias atingidas por \u00f3leo no&hellip; <\/p>\n","protected":false},"author":1,"featured_media":86455,"comment_status":"closed","ping_status":"closed","sticky":false,"template":"","format":"standard","meta":{"sfsi_plus_gutenberg_text_before_share":"","sfsi_plus_gutenberg_show_text_before_share":"","sfsi_plus_gutenberg_icon_type":"","sfsi_plus_gutenberg_icon_alignemt":"","sfsi_plus_gutenburg_max_per_row":"","footnotes":""},"categories":[2],"tags":[],"class_list":["post-128777","post","type-post","status-publish","format-standard","has-post-thumbnail","hentry","category-geral"],"_links":{"self":[{"href":"https:\/\/www.caririemacao.com\/1\/wp-json\/wp\/v2\/posts\/128777","targetHints":{"allow":["GET"]}}],"collection":[{"href":"https:\/\/www.caririemacao.com\/1\/wp-json\/wp\/v2\/posts"}],"about":[{"href":"https:\/\/www.caririemacao.com\/1\/wp-json\/wp\/v2\/types\/post"}],"author":[{"embeddable":true,"href":"https:\/\/www.caririemacao.com\/1\/wp-json\/wp\/v2\/users\/1"}],"replies":[{"embeddable":true,"href":"https:\/\/www.caririemacao.com\/1\/wp-json\/wp\/v2\/comments?post=128777"}],"version-history":[{"count":1,"href":"https:\/\/www.caririemacao.com\/1\/wp-json\/wp\/v2\/posts\/128777\/revisions"}],"predecessor-version":[{"id":128778,"href":"https:\/\/www.caririemacao.com\/1\/wp-json\/wp\/v2\/posts\/128777\/revisions\/128778"}],"wp:featuredmedia":[{"embeddable":true,"href":"https:\/\/www.caririemacao.com\/1\/wp-json\/wp\/v2\/media\/86455"}],"wp:attachment":[{"href":"https:\/\/www.caririemacao.com\/1\/wp-json\/wp\/v2\/media?parent=128777"}],"wp:term":[{"taxonomy":"category","embeddable":true,"href":"https:\/\/www.caririemacao.com\/1\/wp-json\/wp\/v2\/categories?post=128777"},{"taxonomy":"post_tag","embeddable":true,"href":"https:\/\/www.caririemacao.com\/1\/wp-json\/wp\/v2\/tags?post=128777"}],"curies":[{"name":"wp","href":"https:\/\/api.w.org\/{rel}","templated":true}]}}