{"id":128792,"date":"2019-10-22T09:15:18","date_gmt":"2019-10-22T12:15:18","guid":{"rendered":"http:\/\/www.caririemacao.com\/1\/?p=128792"},"modified":"2019-10-22T09:15:18","modified_gmt":"2019-10-22T12:15:18","slug":"homem-tem-orelha-decepada-enquanto-dormia","status":"publish","type":"post","link":"https:\/\/www.caririemacao.com\/1\/2019\/10\/22\/homem-tem-orelha-decepada-enquanto-dormia\/","title":{"rendered":"Homem tem orelha decepada enquanto dormia"},"content":{"rendered":"\n<p>Um homem de 52 anos teve a orelha decepada enquanto dormia, na madrugada desta ter\u00e7a-feira (22), no bairro das Ind\u00fastrias, em Jo\u00e3o Pessoa. A Pol\u00edcia Civil informou que a agress\u00e3o teria&nbsp;acontecido em uma granja, por dois homens armados com um fac\u00e3o.&nbsp;<\/p>\n\n\n\n<p>A v\u00edtima foi socorrida pelo Samu para o Hospital de Trauma de Jo\u00e3o Pessoa. O estado de sa\u00fade \u00e9 considerado est\u00e1vel.<\/p>\n\n\n\n<p>At\u00e9 o momento ningu\u00e9m foi preso.<\/p>\n","protected":false},"excerpt":{"rendered":"<p>Um homem de 52 anos teve a orelha decepada enquanto dormia, na madrugada desta ter\u00e7a-feira (22), no bairro das Ind\u00fastrias, em Jo\u00e3o Pessoa. A Pol\u00edcia&hellip; <\/p>\n","protected":false},"author":1,"featured_media":128793,"comment_status":"closed","ping_status":"closed","sticky":false,"template":"","format":"standard","meta":{"sfsi_plus_gutenberg_text_before_share":"","sfsi_plus_gutenberg_show_text_before_share":"","sfsi_plus_gutenberg_icon_type":"","sfsi_plus_gutenberg_icon_alignemt":"","sfsi_plus_gutenburg_max_per_row":"","footnotes":""},"categories":[12],"tags":[],"class_list":["post-128792","post","type-post","status-publish","format-standard","has-post-thumbnail","hentry","category-policia"],"_links":{"self":[{"href":"https:\/\/www.caririemacao.com\/1\/wp-json\/wp\/v2\/posts\/128792","targetHints":{"allow":["GET"]}}],"collection":[{"href":"https:\/\/www.caririemacao.com\/1\/wp-json\/wp\/v2\/posts"}],"about":[{"href":"https:\/\/www.caririemacao.com\/1\/wp-json\/wp\/v2\/types\/post"}],"author":[{"embeddable":true,"href":"https:\/\/www.caririemacao.com\/1\/wp-json\/wp\/v2\/users\/1"}],"replies":[{"embeddable":true,"href":"https:\/\/www.caririemacao.com\/1\/wp-json\/wp\/v2\/comments?post=128792"}],"version-history":[{"count":1,"href":"https:\/\/www.caririemacao.com\/1\/wp-json\/wp\/v2\/posts\/128792\/revisions"}],"predecessor-version":[{"id":128794,"href":"https:\/\/www.caririemacao.com\/1\/wp-json\/wp\/v2\/posts\/128792\/revisions\/128794"}],"wp:featuredmedia":[{"embeddable":true,"href":"https:\/\/www.caririemacao.com\/1\/wp-json\/wp\/v2\/media\/128793"}],"wp:attachment":[{"href":"https:\/\/www.caririemacao.com\/1\/wp-json\/wp\/v2\/media?parent=128792"}],"wp:term":[{"taxonomy":"category","embeddable":true,"href":"https:\/\/www.caririemacao.com\/1\/wp-json\/wp\/v2\/categories?post=128792"},{"taxonomy":"post_tag","embeddable":true,"href":"https:\/\/www.caririemacao.com\/1\/wp-json\/wp\/v2\/tags?post=128792"}],"curies":[{"name":"wp","href":"https:\/\/api.w.org\/{rel}","templated":true}]}}