{"id":128803,"date":"2019-10-22T09:17:17","date_gmt":"2019-10-22T12:17:17","guid":{"rendered":"http:\/\/www.caririemacao.com\/1\/?p=128803"},"modified":"2019-10-22T09:17:17","modified_gmt":"2019-10-22T12:17:17","slug":"lula-aguarda-stf-e-ja-faz-plano-de-caravanas-pelo-pais-caso-deixe-a-prisao-neste-ano","status":"publish","type":"post","link":"https:\/\/www.caririemacao.com\/1\/2019\/10\/22\/lula-aguarda-stf-e-ja-faz-plano-de-caravanas-pelo-pais-caso-deixe-a-prisao-neste-ano\/","title":{"rendered":"Lula aguarda STF e j\u00e1 faz plano de caravanas pelo pa\u00eds caso deixe a pris\u00e3o neste ano"},"content":{"rendered":"\n<p>&nbsp;O ex-presidente Luiz In\u00e1cio Lula da Silva (PT) tem dito a aliados que, na hip\u00f3tese de deixar a pris\u00e3o em breve, pretende rodar o Brasil e assumir o papel do que tem chamado de &#8220;fio condutor da pacifica\u00e7\u00e3o nacional&#8221;.<\/p>\n\n\n\n<p>A expectativa pela liberdade ocorre no momento em que o STF (Supremo Tribunal Federal) inicia o julgamento sobre a constitucionalidade da pris\u00e3o de condenados em segunda inst\u00e2ncia, e a Segunda Turma da corte se prepara para retomar a discuss\u00e3o sobre a alegada suspei\u00e7\u00e3o do ex-juiz Sergio Moro, que pode levar \u00e0 anula\u00e7\u00e3o da condena\u00e7\u00e3o do petista no caso do tr\u00edplex de Guaruj\u00e1.<\/p>\n\n\n\n<p>Em conversas recentes na sede da Superintend\u00eancia da Pol\u00edcia Federal em Curitiba, Lula tem adotado o discurso de que \u00e9 preciso trabalhar pela unidade nacional e dar um basta ao clima de beliger\u00e2ncia que se acentuou no pa\u00eds desde a elei\u00e7\u00e3o de 2018.<\/p>\n\n\n\n<p>&#8220;Lula em liberdade \u00e9 um agente pol\u00edtico importante e vai ter, obviamente, um papel relevante n\u00e3o s\u00f3 para o PT mas tamb\u00e9m para o Brasil&#8221;, disse a presidente da sigla, deputada Gleisi Hoffmann (PR).<\/p>\n\n\n\n<p>&#8220;O povo brasileiro tem confian\u00e7a no Lula -principalmente o povo pobre- e isso d\u00e1 a ele condi\u00e7\u00f5es de ter uma atua\u00e7\u00e3o pol\u00edtica de enfrentamento mais sistem\u00e1tico a tudo que est\u00e1 acontecendo e \u00e0 destrui\u00e7\u00e3o a que o pa\u00eds est\u00e1 sendo submetido&#8221;, afirmou.&nbsp;<\/p>\n\n\n\n<p>Embora Lula possa ser beneficiado ao final do julgamento no STF das a\u00e7\u00f5es que discutem se \u00e9 constitucional prender condenados antes de esgotados todos os recursos, o ex-presidente aposta que o Supremo vai referendar a tese de falta de imparcialidade de Moro, hoje ministro da Justi\u00e7a, na condu\u00e7\u00e3o do processo do tr\u00edplex. Nesse caso, a senten\u00e7a pode ser anulada e o caso voltaria aos est\u00e1gios iniciais.&nbsp;<\/p>\n\n\n\n<p>Com isso, Lula sairia da cadeia e tamb\u00e9m teria de volta os seus direitos pol\u00edticos, cassados ap\u00f3s a condena\u00e7\u00e3o em segunda inst\u00e2ncia, enquadrado na Lei da Ficha Limpa.<\/p>\n\n\n\n<p>Nesse cen\u00e1rio, dizem aliados do petista, est\u00e1 a elei\u00e7\u00e3o presidencial de 2022. A avalia\u00e7\u00e3o \u00e9 a de que, hoje, s\u00f3 Lula tem for\u00e7a para derrotar Bolsonaro e a direita na disputa ao Planalto.<\/p>\n\n\n\n<p>Mas uma eventual candidatura de Lula em 2022 s\u00f3 ocorreria se at\u00e9 l\u00e1 o petista n\u00e3o tiver nenhuma condena\u00e7\u00e3o em segunda inst\u00e2ncia -barreira criada pela Lei de Ficha Limpa. O caso do s\u00edtio de Atibaia, por exemplo, no qual o petista j\u00e1 foi condenado em primeira inst\u00e2ncia, deve ser julgado nos pr\u00f3ximos meses pelo TRF (Tribunal Regional Federal).<\/p>\n\n\n\n<p>Segundo pessoas pr\u00f3ximas a Lula, a expectativa eleitoral tamb\u00e9m pesa no discurso de que n\u00e3o troca sua dignidade por sua liberdade, al\u00e9m do argumento de que se trata, na vis\u00e3o do petista, de um processo ileg\u00edtimo conduzido por um juiz supostamente parcial.<\/p>\n\n\n\n<p>Na sexta (18), a defesa do petista disse \u00e0 Justi\u00e7a que Lula n\u00e3o aceita o pedido de progress\u00e3o para o regime semiaberto, feito pela Procuradoria.<\/p>\n\n\n\n<p>O caso est\u00e1 nas m\u00e3os da ju\u00edza Carolina Lebbos, respons\u00e1vel pela execu\u00e7\u00e3o penal do ex-presidente. Lula abre m\u00e3o do semiaberto porque n\u00e3o quer ficar imobilizado em uma cidade, como Curitiba, ter de voltar \u00e0 PF todas as noites para dormir e ainda usar tornozeleira eletr\u00f4nica, por exemplo.<\/p>\n\n\n\n<p>Os petistas mais pragm\u00e1ticos afirmam que, caso Lula deixe a pris\u00e3o mas n\u00e3o consiga aval para andar pelo Brasil, o novo abrigo -possivelmente seu apartamento em S\u00e3o Bernardo do Campo- ser\u00e1 transformado em uma esp\u00e9cie de &#8220;centro de peregrina\u00e7\u00e3o&#8221;.<\/p>\n\n\n\n<p>A ideia, por\u00e9m, \u00e9 rejeitada por Lula, que tem dito que n\u00e3o planeja transformar sua casa em uma nova pris\u00e3o.&nbsp;<\/p>\n\n\n\n<p>Segundo aliados, o petista almeja percorrer o pa\u00eds em condi\u00e7\u00e3o de liberdade plena&nbsp; para poder ter legitimidade de questionar as a\u00e7\u00f5es do governo Bolsonaro e se apresentar como l\u00edder de um movimento capaz de fazer frente &#8220;\u00e0 destrui\u00e7\u00e3o que est\u00e1 a\u00ed&#8221;.<\/p>\n\n\n\n<p>&#8220;O povo est\u00e1 num sofrimento imenso. E quem andava o Brasil? Quem pisava no ch\u00e3o que o povo pisa? Hoje n\u00e3o temos uma lideran\u00e7a que fa\u00e7a isso. Quem sempre fez isso foi Lula -antes de ser presidente, durante o mandato e depois&#8221;, disse Gleisi.&nbsp;<\/p>\n\n\n\n<p>Em caravana, Lula pretende disseminar a ideia de que ele e o PT t\u00eam um projeto capaz, nas palavras dos petistas, de &#8220;salvar&#8221; o Brasil.<\/p>\n\n\n\n<p>O discurso ser\u00e1 amparado em um plano elaborado pelo PT. Chamada de &#8220;Plano Emergencial de Emprego e Renda&#8221;, a proposta apresenta nove diretrizes que prometem gerar 7 milh\u00f5es de empregos a curto e m\u00e9dio prazo.<\/p>\n\n\n\n<p>&#8220;O brasileiro sente a crise econ\u00f4mica na pele e no bolso. A pobreza voltou a assombrar, e o Brasil est\u00e1 voltando ao mapa da fome. G\u00e1s, gasolina e \u00e1lcool cada vez mais caros e o desemprego batendo recorde.<\/p>\n\n\n\n<p>Enquanto o povo paga a conta da crise, o governo corta investimento em educa\u00e7\u00e3o, em sa\u00fade e acaba com a sua aposentadoria. Tira dos mais pobres para entregar aos mais ricos&#8221;, diz o plano.<\/p>\n\n\n\n<p>A fala direcionada aos mais pobres, avaliam petistas, est\u00e1 atrelada \u00e0 trajet\u00f3ria de Lula e tem potencial de reposicion\u00e1-lo no cen\u00e1rio pol\u00edtico, ap\u00f3s uma eventual sa\u00edda da pris\u00e3o.&nbsp;<\/p>\n\n\n\n<p>O aumento da desigualdade no Brasil em 2018, apontado pelo IBGE, corrobora o discurso que Lula pretende levar em uma eventual andan\u00e7a pelo pa\u00eds, avaliam petistas.&nbsp;<\/p>\n\n\n\n<p>A pesquisa divulgada na quarta-feira (16) mostrou que, de toda a renda do pa\u00eds, 40% est\u00e3o concentrados nas m\u00e3os de 10% da popula\u00e7\u00e3o, e que a renda dos mais pobres caiu mais de 3% e a dos mais ricos aumentou mais de 8%.&nbsp;<\/p>\n\n\n\n<p>Na avalia\u00e7\u00e3o interna do PT, os dados atuais d\u00e3o mais respaldo ao discurso de que na \u00e9poca do petista era diferente.<\/p>\n\n\n\n<p>As caravanas de Lula pelo pa\u00eds ainda n\u00e3o s\u00e3o discutidas de forma oficial pelo PT, mas os dirigentes admitem que h\u00e1 a expectativa de que ele possa come\u00e7ar a percorrer o Brasil o quanto antes e seja pe\u00e7a fundamental para as elei\u00e7\u00f5es municipais de 2020.&nbsp;<\/p>\n\n\n\n<p>Por enquanto, Lula j\u00e1 fez alguns pedidos aos correligion\u00e1rios. Assim que sair da pris\u00e3o, ele quer um ato no acampamento montado pela milit\u00e2ncia na frente da PF e depois vai visitar os ex-tesoureiros do PT Jo\u00e3o Vaccari Neto e Del\u00fabio Soares, que d\u00e3o expediente na sede da CUT do Paran\u00e1. S\u00f3 depois ele iria para S\u00e3o Paulo, ser recebido com festa.<\/p>\n","protected":false},"excerpt":{"rendered":"<p>&nbsp;O ex-presidente Luiz In\u00e1cio Lula da Silva (PT) tem dito a aliados que, na hip\u00f3tese de deixar a pris\u00e3o em breve, pretende rodar o Brasil&hellip; <\/p>\n","protected":false},"author":1,"featured_media":96576,"comment_status":"closed","ping_status":"closed","sticky":false,"template":"","format":"standard","meta":{"sfsi_plus_gutenberg_text_before_share":"","sfsi_plus_gutenberg_show_text_before_share":"","sfsi_plus_gutenberg_icon_type":"","sfsi_plus_gutenberg_icon_alignemt":"","sfsi_plus_gutenburg_max_per_row":"","footnotes":""},"categories":[11],"tags":[],"class_list":["post-128803","post","type-post","status-publish","format-standard","has-post-thumbnail","hentry","category-politica"],"_links":{"self":[{"href":"https:\/\/www.caririemacao.com\/1\/wp-json\/wp\/v2\/posts\/128803","targetHints":{"allow":["GET"]}}],"collection":[{"href":"https:\/\/www.caririemacao.com\/1\/wp-json\/wp\/v2\/posts"}],"about":[{"href":"https:\/\/www.caririemacao.com\/1\/wp-json\/wp\/v2\/types\/post"}],"author":[{"embeddable":true,"href":"https:\/\/www.caririemacao.com\/1\/wp-json\/wp\/v2\/users\/1"}],"replies":[{"embeddable":true,"href":"https:\/\/www.caririemacao.com\/1\/wp-json\/wp\/v2\/comments?post=128803"}],"version-history":[{"count":1,"href":"https:\/\/www.caririemacao.com\/1\/wp-json\/wp\/v2\/posts\/128803\/revisions"}],"predecessor-version":[{"id":128804,"href":"https:\/\/www.caririemacao.com\/1\/wp-json\/wp\/v2\/posts\/128803\/revisions\/128804"}],"wp:featuredmedia":[{"embeddable":true,"href":"https:\/\/www.caririemacao.com\/1\/wp-json\/wp\/v2\/media\/96576"}],"wp:attachment":[{"href":"https:\/\/www.caririemacao.com\/1\/wp-json\/wp\/v2\/media?parent=128803"}],"wp:term":[{"taxonomy":"category","embeddable":true,"href":"https:\/\/www.caririemacao.com\/1\/wp-json\/wp\/v2\/categories?post=128803"},{"taxonomy":"post_tag","embeddable":true,"href":"https:\/\/www.caririemacao.com\/1\/wp-json\/wp\/v2\/tags?post=128803"}],"curies":[{"name":"wp","href":"https:\/\/api.w.org\/{rel}","templated":true}]}}