{"id":128809,"date":"2019-10-22T09:18:49","date_gmt":"2019-10-22T12:18:49","guid":{"rendered":"http:\/\/www.caririemacao.com\/1\/?p=128809"},"modified":"2019-10-22T09:18:49","modified_gmt":"2019-10-22T12:18:49","slug":"bolsonaro-defende-que-eduardo-abra-mao-de-embaixada-para-pacificar-psl","status":"publish","type":"post","link":"https:\/\/www.caririemacao.com\/1\/2019\/10\/22\/bolsonaro-defende-que-eduardo-abra-mao-de-embaixada-para-pacificar-psl\/","title":{"rendered":"Bolsonaro defende que Eduardo abra m\u00e3o de embaixada para pacificar PSL"},"content":{"rendered":"\n<p>&nbsp;O presidente Jair Bolsonaro avaliou nesta segunda-feira (21) que \u00e9 mais estrat\u00e9gico que seu filho, o deputado federal Eduardo Bolsonaro (SP), abra m\u00e3o de uma indica\u00e7\u00e3o como embaixador nos Estados Unidos e permane\u00e7a no Brasil para ajudar a pacificar o PSL.<\/p>\n\n\n\n<p>Em r\u00e1pida entrevista \u00e0 imprensa, antes de sua participa\u00e7\u00e3o na cerim\u00f4nia de ascens\u00e3o do novo imperador japon\u00eas, ele disse que n\u00e3o quer interferir na decis\u00e3o do filho, mas ressaltou que \u00e9 necess\u00e1rio &#8220;ver o que pode catar de caco&#8221; na disputa interna da sigla.<\/p>\n\n\n\n<p>&#8220;Obviamente, isso o Eduardo vai ter de decidir nos pr\u00f3ximos dias, talvez antes de eu voltar ao Brasil&#8221;, disse. &#8220;No meu entender, [o mais estrat\u00e9gico] \u00e9 ele ficar no Brasil, at\u00e9 para pacificar o partido e ver o que pode catar de caco, porque teve gente que foi para o excesso. \u00c9 igual um casal, chega um ponto de um problema que n\u00e3o tem mais retorno por parte de alguns&#8221;, disse.<\/p>\n\n\n\n<p>O presidente disse que defendeu, em reuni\u00e3o no Pal\u00e1cio do Planalto, o nome do deputado federal Filipe Barros (PR) para a lideran\u00e7a do partido, mas que foi opini\u00e3o vencida. Na avalia\u00e7\u00e3o dele, a tend\u00eancia agora \u00e9 de que o embate interno arrefe\u00e7a.<\/p>\n\n\n\n<p>Desde o in\u00edcio do m\u00eas, o presidente tem enfrentado uma queda-de-bra\u00e7o com o presidente nacional da sigla, Luciano Bivar. Para tentar enfraquecer o dirigente do partido, Bolsonaro atuou para tirar de postos de lideran\u00e7a nomes ligados a Bivar: como os deputados federais Joice Hasselmann (SP) e Delegado Waldir (GO).<\/p>\n\n\n\n<p>&#8220;Vai se arrefecer [a crise]. Eu me pergunto: o pessoal tirava foto comigo, agora tira com o Bivar. O que ele tem de mais bonito ou de melhor do que eu?&#8221;, questionou Bolsonaro.<\/p>\n\n\n\n<p>O presidente disse que, ao retornar ao Brasil em novembro, conversar\u00e1 com a maior parte dos integrantes da bancada do partido ligados a Bivar, na tentativa de chegar a um consenso. Ele ponderou, no entanto, que n\u00e3o ter\u00e1 di\u00e1logo com aqueles que, segundo ele, ultrapassaram o limite da razoabilidade.<\/p>\n\n\n\n<p>&#8220;Vou expor minha experi\u00eancia de 28 anos de carreira parlamentar. Eles embarcaram em uma canoa fantasma, aceitando promessas, como dou a lua. Isso serve para um casal de jovens, n\u00e3o para pol\u00edtico com mandato de deputado federal&#8221;, ressaltou.<\/p>\n\n\n\n<p>Para evitar o agravamento da crise interna, o presidente disse que pediu ao seu filho e vereador Carlos Bolsonaro (PSC-RJ) que n\u00e3o entre em embate. Ele trocou farpas nas redes sociais, no final de semana, com Joice.<\/p>\n\n\n\n<p>&#8220;Todo mundo perde em qualquer alfinetada&#8221;, disse. &#8220;Em um relacionamento, toda ferida [mesmo] muito profunda cicatriza. Voc\u00ea n\u00e3o v\u00ea eu jogando lenha na fogueira, n\u00e3o vou entrar nessa briga de meu grupo contra o deles&#8221;, acrescentou.<\/p>\n\n\n\n<p>Ele ressaltou que sempre sugere aos seus filhos que se acalmem, porque, de acordo com ele, \u00e9 natural na pol\u00edtica &#8220;um troca de pequenas farpas&#8221;.<\/p>\n\n\n\n<p>&#8220;Eu sugiro, pai \u00e9 pai at\u00e9 morrer. Eu sugiro sempre acalmar&#8221;, disse. &#8220;Eu engoli sapo para caramba. E eu procuro passar isso a eles&#8221;, acrescentou.<\/p>\n","protected":false},"excerpt":{"rendered":"<p>&nbsp;O presidente Jair Bolsonaro avaliou nesta segunda-feira (21) que \u00e9 mais estrat\u00e9gico que seu filho, o deputado federal Eduardo Bolsonaro (SP), abra m\u00e3o de uma&hellip; <\/p>\n","protected":false},"author":1,"featured_media":127537,"comment_status":"closed","ping_status":"closed","sticky":false,"template":"","format":"standard","meta":{"sfsi_plus_gutenberg_text_before_share":"","sfsi_plus_gutenberg_show_text_before_share":"","sfsi_plus_gutenberg_icon_type":"","sfsi_plus_gutenberg_icon_alignemt":"","sfsi_plus_gutenburg_max_per_row":"","footnotes":""},"categories":[11],"tags":[],"class_list":["post-128809","post","type-post","status-publish","format-standard","has-post-thumbnail","hentry","category-politica"],"_links":{"self":[{"href":"https:\/\/www.caririemacao.com\/1\/wp-json\/wp\/v2\/posts\/128809","targetHints":{"allow":["GET"]}}],"collection":[{"href":"https:\/\/www.caririemacao.com\/1\/wp-json\/wp\/v2\/posts"}],"about":[{"href":"https:\/\/www.caririemacao.com\/1\/wp-json\/wp\/v2\/types\/post"}],"author":[{"embeddable":true,"href":"https:\/\/www.caririemacao.com\/1\/wp-json\/wp\/v2\/users\/1"}],"replies":[{"embeddable":true,"href":"https:\/\/www.caririemacao.com\/1\/wp-json\/wp\/v2\/comments?post=128809"}],"version-history":[{"count":1,"href":"https:\/\/www.caririemacao.com\/1\/wp-json\/wp\/v2\/posts\/128809\/revisions"}],"predecessor-version":[{"id":128810,"href":"https:\/\/www.caririemacao.com\/1\/wp-json\/wp\/v2\/posts\/128809\/revisions\/128810"}],"wp:featuredmedia":[{"embeddable":true,"href":"https:\/\/www.caririemacao.com\/1\/wp-json\/wp\/v2\/media\/127537"}],"wp:attachment":[{"href":"https:\/\/www.caririemacao.com\/1\/wp-json\/wp\/v2\/media?parent=128809"}],"wp:term":[{"taxonomy":"category","embeddable":true,"href":"https:\/\/www.caririemacao.com\/1\/wp-json\/wp\/v2\/categories?post=128809"},{"taxonomy":"post_tag","embeddable":true,"href":"https:\/\/www.caririemacao.com\/1\/wp-json\/wp\/v2\/tags?post=128809"}],"curies":[{"name":"wp","href":"https:\/\/api.w.org\/{rel}","templated":true}]}}