{"id":128814,"date":"2019-10-22T09:32:03","date_gmt":"2019-10-22T12:32:03","guid":{"rendered":"http:\/\/www.caririemacao.com\/1\/?p=128814"},"modified":"2019-10-22T09:32:03","modified_gmt":"2019-10-22T12:32:03","slug":"prefeito-vice-e-presidente-da-camara-de-ssu-participam-de-evento-em-homenagem-a-adriano-galdino","status":"publish","type":"post","link":"https:\/\/www.caririemacao.com\/1\/2019\/10\/22\/prefeito-vice-e-presidente-da-camara-de-ssu-participam-de-evento-em-homenagem-a-adriano-galdino\/","title":{"rendered":"Prefeito, vice e presidente da C\u00e2mara de SSU participam de evento em homenagem a Adriano Galdino"},"content":{"rendered":"\n<p>O prefeito Adriano Wolff, o vice-prefeito Chico Mariano e o presidente da C\u00e2mara, Denis Freitas, de S\u00e3o Sebasti\u00e3o do Umbuzeiro nesta segunda-feira (21), a entrega do t\u00edtulo de cidad\u00e3o pessoense e a Medalha Epit\u00e1cio Pessoa ao presidente da Assembleia Legislativa da Para\u00edba (ALPB), Adriano Galdino, durante sess\u00e3o solene realizada em conjunto pela ALPB e a C\u00e2mara Municipal de Jo\u00e3o Pessoa (CMJP), no plen\u00e1rio Jos\u00e9 Mariz.<\/p>\n\n\n\n<p>A solenidade, prestigiada por diversos deputados, familiares e representantes de Poderes p\u00fablicos do Estado, teve o objetivo de reconhecer os relevantes servi\u00e7os prestados por Adriano a Jo\u00e3o Pessoa e a Para\u00edba na condu\u00e7\u00e3o da Casa de Epit\u00e1cio Pessoa.<\/p>\n\n\n\n<p>Adriano Wolff destacou a amizade e a lealdade que tem por Galdino e classificou como \u2018mais do que justa\u2019 a homenagem, e reconheceu os servi\u00e7os prestados por Adriano e sua luta por uma Para\u00edba cada vez melhor e mais justa para todos.<\/p>\n\n\n\n<p>\u201c\u00c9 uma homenagem t\u00e3o justa. O presidente Galdino \u00e9 merecedor e digno dessas duas mais altas comendas do Estado, sobretudo por sua hist\u00f3ria de vida, tendo sido gar\u00e7om, comerciante e hoje mostra que venceu n\u00e3o apenas na vida, na pol\u00edtica e tamb\u00e9m na arte de ser um grande ser humano\u201d, ressaltou.<\/p>\n\n\n\n<p>O Presidente da C\u00e2mara Denis Freitas afirmou que Adriano Galdino \u00e9 um deputado muito atuante, principalmente na regi\u00e3o do Cariri, onde Adriano Construiu um forte la\u00e7o de amizade com seus aliados e tem colaborado com o desenvolvimento da regi\u00e3o.<\/p>\n","protected":false},"excerpt":{"rendered":"<p>O prefeito Adriano Wolff, o vice-prefeito Chico Mariano e o presidente da C\u00e2mara, Denis Freitas, de S\u00e3o Sebasti\u00e3o do Umbuzeiro nesta segunda-feira (21), a entrega&hellip; <\/p>\n","protected":false},"author":1,"featured_media":128815,"comment_status":"closed","ping_status":"closed","sticky":false,"template":"","format":"standard","meta":{"sfsi_plus_gutenberg_text_before_share":"","sfsi_plus_gutenberg_show_text_before_share":"","sfsi_plus_gutenberg_icon_type":"","sfsi_plus_gutenberg_icon_alignemt":"","sfsi_plus_gutenburg_max_per_row":"","footnotes":""},"categories":[11],"tags":[],"class_list":["post-128814","post","type-post","status-publish","format-standard","has-post-thumbnail","hentry","category-politica"],"_links":{"self":[{"href":"https:\/\/www.caririemacao.com\/1\/wp-json\/wp\/v2\/posts\/128814","targetHints":{"allow":["GET"]}}],"collection":[{"href":"https:\/\/www.caririemacao.com\/1\/wp-json\/wp\/v2\/posts"}],"about":[{"href":"https:\/\/www.caririemacao.com\/1\/wp-json\/wp\/v2\/types\/post"}],"author":[{"embeddable":true,"href":"https:\/\/www.caririemacao.com\/1\/wp-json\/wp\/v2\/users\/1"}],"replies":[{"embeddable":true,"href":"https:\/\/www.caririemacao.com\/1\/wp-json\/wp\/v2\/comments?post=128814"}],"version-history":[{"count":1,"href":"https:\/\/www.caririemacao.com\/1\/wp-json\/wp\/v2\/posts\/128814\/revisions"}],"predecessor-version":[{"id":128816,"href":"https:\/\/www.caririemacao.com\/1\/wp-json\/wp\/v2\/posts\/128814\/revisions\/128816"}],"wp:featuredmedia":[{"embeddable":true,"href":"https:\/\/www.caririemacao.com\/1\/wp-json\/wp\/v2\/media\/128815"}],"wp:attachment":[{"href":"https:\/\/www.caririemacao.com\/1\/wp-json\/wp\/v2\/media?parent=128814"}],"wp:term":[{"taxonomy":"category","embeddable":true,"href":"https:\/\/www.caririemacao.com\/1\/wp-json\/wp\/v2\/categories?post=128814"},{"taxonomy":"post_tag","embeddable":true,"href":"https:\/\/www.caririemacao.com\/1\/wp-json\/wp\/v2\/tags?post=128814"}],"curies":[{"name":"wp","href":"https:\/\/api.w.org\/{rel}","templated":true}]}}