{"id":128825,"date":"2019-10-22T09:37:35","date_gmt":"2019-10-22T12:37:35","guid":{"rendered":"http:\/\/www.caririemacao.com\/1\/?p=128825"},"modified":"2019-10-22T09:37:35","modified_gmt":"2019-10-22T12:37:35","slug":"prefeita-de-monteiro-confirma-candidatura-a-reeleicao-durante-encontro-com-carlos-batinga","status":"publish","type":"post","link":"https:\/\/www.caririemacao.com\/1\/2019\/10\/22\/prefeita-de-monteiro-confirma-candidatura-a-reeleicao-durante-encontro-com-carlos-batinga\/","title":{"rendered":"Prefeita de Monteiro confirma candidatura \u00e0 reelei\u00e7\u00e3o durante encontro com Carlos Batinga"},"content":{"rendered":"\n<p>O que j\u00e1 havia sido anunciado em uma reuni\u00e3o com os vereadores que fazem parte de sua bancada na C\u00e2mara de Vereadores de Monteiro, a prefeita Anna Lorena transmitiu ao ex-prefeito de Monteiro e ex-deputado estadual Carlos Batinga, durante encontro no \u00faltimo final de semana, a mesma mensagem: \u201c\u00c9 candidata \u00e0 reelei\u00e7\u00e3o\u201d.<\/p>\n\n\n\n<p>Durante o encontro, a prefeita fez uma avalia\u00e7\u00e3o de sua gest\u00e3o juntamente com Carlos Batinga e ouviu importantes opini\u00f5es do ex-prefeito de Monteiro, que comandou os destinos administrativos do munic\u00edpio por oito anos (1997\/2004).<\/p>\n\n\n\n<p>\u201cUm encontro muito oportuno e proveitoso. Juntos, avaliamos a conjuntura pol\u00edtica e administrativa de Monteiro, da Para\u00edba e do Pa\u00eds, obtendo proveitosas sugest\u00f5es de quem administrou Monteiro por oito anos e, fruto de seu trabalho conseguiu chegar a Assembleia Legislativa da Para\u00edba\u201d, disse a prefeita Anna Lorena.<\/p>\n\n\n\n<p>Para Carlos Batinga, a conversa com a prefeita Anna Lorena foi altamente proveitosa e, mais uma vez se colocou a disposi\u00e7\u00e3o para continuar lutando por melhores dias para os monteirenses.<\/p>\n\n\n\n<p>\u201cPrecisamos continuar unidos em busca de melhores dias para os nossos conterr\u00e2neos e esta luta tem que ter continuidade com a reelei\u00e7\u00e3o da prefeita Lorena, porque Monteiro vive dias cada vez melhor\u201d, disse Carlos Batinga.<\/p>\n","protected":false},"excerpt":{"rendered":"<p>O que j\u00e1 havia sido anunciado em uma reuni\u00e3o com os vereadores que fazem parte de sua bancada na C\u00e2mara de Vereadores de Monteiro, a&hellip; <\/p>\n","protected":false},"author":1,"featured_media":128826,"comment_status":"closed","ping_status":"closed","sticky":false,"template":"","format":"standard","meta":{"sfsi_plus_gutenberg_text_before_share":"","sfsi_plus_gutenberg_show_text_before_share":"","sfsi_plus_gutenberg_icon_type":"","sfsi_plus_gutenberg_icon_alignemt":"","sfsi_plus_gutenburg_max_per_row":"","footnotes":""},"categories":[11],"tags":[],"class_list":["post-128825","post","type-post","status-publish","format-standard","has-post-thumbnail","hentry","category-politica"],"_links":{"self":[{"href":"https:\/\/www.caririemacao.com\/1\/wp-json\/wp\/v2\/posts\/128825","targetHints":{"allow":["GET"]}}],"collection":[{"href":"https:\/\/www.caririemacao.com\/1\/wp-json\/wp\/v2\/posts"}],"about":[{"href":"https:\/\/www.caririemacao.com\/1\/wp-json\/wp\/v2\/types\/post"}],"author":[{"embeddable":true,"href":"https:\/\/www.caririemacao.com\/1\/wp-json\/wp\/v2\/users\/1"}],"replies":[{"embeddable":true,"href":"https:\/\/www.caririemacao.com\/1\/wp-json\/wp\/v2\/comments?post=128825"}],"version-history":[{"count":1,"href":"https:\/\/www.caririemacao.com\/1\/wp-json\/wp\/v2\/posts\/128825\/revisions"}],"predecessor-version":[{"id":128827,"href":"https:\/\/www.caririemacao.com\/1\/wp-json\/wp\/v2\/posts\/128825\/revisions\/128827"}],"wp:featuredmedia":[{"embeddable":true,"href":"https:\/\/www.caririemacao.com\/1\/wp-json\/wp\/v2\/media\/128826"}],"wp:attachment":[{"href":"https:\/\/www.caririemacao.com\/1\/wp-json\/wp\/v2\/media?parent=128825"}],"wp:term":[{"taxonomy":"category","embeddable":true,"href":"https:\/\/www.caririemacao.com\/1\/wp-json\/wp\/v2\/categories?post=128825"},{"taxonomy":"post_tag","embeddable":true,"href":"https:\/\/www.caririemacao.com\/1\/wp-json\/wp\/v2\/tags?post=128825"}],"curies":[{"name":"wp","href":"https:\/\/api.w.org\/{rel}","templated":true}]}}