{"id":128835,"date":"2019-10-22T09:41:10","date_gmt":"2019-10-22T12:41:10","guid":{"rendered":"http:\/\/www.caririemacao.com\/1\/?p=128835"},"modified":"2019-10-22T09:41:10","modified_gmt":"2019-10-22T12:41:10","slug":"mc-gui-e-criticado-por-debochar-de-crianca-em-tratamento-de-cancer","status":"publish","type":"post","link":"https:\/\/www.caririemacao.com\/1\/2019\/10\/22\/mc-gui-e-criticado-por-debochar-de-crianca-em-tratamento-de-cancer\/","title":{"rendered":"MC Gui \u00e9 criticado por debochar de crian\u00e7a em tratamento de c\u00e2ncer"},"content":{"rendered":"\n<p>O cantor MC Gui postou nas suas redes sociais, nesta segunda-feira (21), um v\u00eddeo debochando de uma menina que est\u00e1 passando por tratamento de c\u00e2ncer.&nbsp;MC Gui&nbsp;est\u00e1 viajando por Orlando, nos Estados Unidos, e estava dentro de um trem que leva os visitantes aos complexos,de um parque da Disney.<\/p>\n\n\n\n<p>No v\u00eddeo o cantor filma uma garotinha que est\u00e1 sentada no fundo do vag\u00e3o, e que apesar de n\u00e3o entender a l\u00edngua, se mostra bastante constrangida pelas risadas do cantor e seus amigos.<\/p>\n\n\n\n<p>&nbsp;\u201cMano, olha isso\u201c, diz ele, para em seguida dar zoom para o rosto da menina, que percebe o ato e desvia o olhar.<\/p>\n\n\n\n<p>\u201cParece filme de terror\u201c, \u00e9 poss\u00edvel ouvir um rapaz dizendo ao fundo sobre a apar\u00eancia da garota, e em seguida risadas de uma mulher. \u201cPara de dar risada\u201d, diz o MC, em tom de riso.<\/p>\n\n\n\n<figure><iframe data-src=\"https:\/\/www.youtube.com\/embed\/bv8ulDTln3o\" allowfullscreen=\"\" src=\"data:image\/svg+xml;base64,PHN2ZyB3aWR0aD0iMSIgaGVpZ2h0PSIxIiB4bWxucz0iaHR0cDovL3d3dy53My5vcmcvMjAwMC9zdmciPjwvc3ZnPg==\" class=\"lazyload\" data-load-mode=\"1\"><\/iframe><\/figure>\n\n\n\n<p><br>Ele chegou a ser acusado de bullying pela brincadeira de mau gosto.<\/p>\n\n\n\n<p>O cantor apagou os v\u00eddeos e se pronunciou. Ele disse que assiste a muitos filmes no Brasil, e que nos EUA v\u00ea pessoas muito iguais aos personagens dos filmes.<br><\/p>\n\n\n\n<p>\u201cEu postei a menina que tava como personagem da Boo (personagem do filme da Disney Monstros S.A). Eu achei impressionante porque tava muito parecido e acabei postando\u201c, afirmou. \u201cA internet t\u00e1 cheia de gente chata, eu n\u00e3o fiz bullying com a menina. N\u00e3o preciso ficar me explicando por algo que eu n\u00e3o fiz.\u201d<\/p>\n\n\n\n<figure><iframe data-src=\"https:\/\/www.youtube.com\/embed\/7M2ZsfSFWVE\" allowfullscreen=\"\" src=\"data:image\/svg+xml;base64,PHN2ZyB3aWR0aD0iMSIgaGVpZ2h0PSIxIiB4bWxucz0iaHR0cDovL3d3dy53My5vcmcvMjAwMC9zdmciPjwvc3ZnPg==\" class=\"lazyload\" data-load-mode=\"1\"><\/iframe><\/figure>\n\n\n\n<p>Segundo informa\u00e7\u00f5es, devido a repercuss\u00e3o, MC Gui teve shows cancelados.&nbsp;<\/p>\n\n\n\n<p>&nbsp;A empresa diz que foi solicitado o cancelamento do show do cantor MC Gui, que seria realizado no pr\u00f3ximo dia 31. &#8220;Refor\u00e7amos que \u00e9tica e respeito fazem parte dos valores da nossa empresa e qualquer situa\u00e7\u00e3o que v\u00e1 contra nossos princ\u00edpios em nenhuma hip\u00f3tese \u00e9 aceita\u201d, informou a nota.<\/p>\n\n\n\n<p>Gui pode perder a vaga em uma grande show no Anhembi (SP) no pr\u00f3ximo fim de semana, reunir\u00e1 nomes como Mar\u00edlia Mendon\u00e7a e Z\u00e9 Neto e Cristiano. Os organizadores temem a repercuss\u00e3o negativa.<\/p>\n","protected":false},"excerpt":{"rendered":"<p>O cantor MC Gui postou nas suas redes sociais, nesta segunda-feira (21), um v\u00eddeo debochando de uma menina que est\u00e1 passando por tratamento de c\u00e2ncer.&nbsp;MC&hellip; <\/p>\n","protected":false},"author":1,"featured_media":128836,"comment_status":"closed","ping_status":"closed","sticky":false,"template":"","format":"standard","meta":{"sfsi_plus_gutenberg_text_before_share":"","sfsi_plus_gutenberg_show_text_before_share":"","sfsi_plus_gutenberg_icon_type":"","sfsi_plus_gutenberg_icon_alignemt":"","sfsi_plus_gutenburg_max_per_row":"","footnotes":""},"categories":[2],"tags":[],"class_list":["post-128835","post","type-post","status-publish","format-standard","has-post-thumbnail","hentry","category-geral"],"_links":{"self":[{"href":"https:\/\/www.caririemacao.com\/1\/wp-json\/wp\/v2\/posts\/128835","targetHints":{"allow":["GET"]}}],"collection":[{"href":"https:\/\/www.caririemacao.com\/1\/wp-json\/wp\/v2\/posts"}],"about":[{"href":"https:\/\/www.caririemacao.com\/1\/wp-json\/wp\/v2\/types\/post"}],"author":[{"embeddable":true,"href":"https:\/\/www.caririemacao.com\/1\/wp-json\/wp\/v2\/users\/1"}],"replies":[{"embeddable":true,"href":"https:\/\/www.caririemacao.com\/1\/wp-json\/wp\/v2\/comments?post=128835"}],"version-history":[{"count":1,"href":"https:\/\/www.caririemacao.com\/1\/wp-json\/wp\/v2\/posts\/128835\/revisions"}],"predecessor-version":[{"id":128837,"href":"https:\/\/www.caririemacao.com\/1\/wp-json\/wp\/v2\/posts\/128835\/revisions\/128837"}],"wp:featuredmedia":[{"embeddable":true,"href":"https:\/\/www.caririemacao.com\/1\/wp-json\/wp\/v2\/media\/128836"}],"wp:attachment":[{"href":"https:\/\/www.caririemacao.com\/1\/wp-json\/wp\/v2\/media?parent=128835"}],"wp:term":[{"taxonomy":"category","embeddable":true,"href":"https:\/\/www.caririemacao.com\/1\/wp-json\/wp\/v2\/categories?post=128835"},{"taxonomy":"post_tag","embeddable":true,"href":"https:\/\/www.caririemacao.com\/1\/wp-json\/wp\/v2\/tags?post=128835"}],"curies":[{"name":"wp","href":"https:\/\/api.w.org\/{rel}","templated":true}]}}