{"id":128846,"date":"2019-10-22T09:59:40","date_gmt":"2019-10-22T12:59:40","guid":{"rendered":"http:\/\/www.caririemacao.com\/1\/?p=128846"},"modified":"2019-10-22T09:59:40","modified_gmt":"2019-10-22T12:59:40","slug":"psl-abre-nesta-terca-feira-processo-contra-eduardo-bolsonaro-e-mais-18-deputados","status":"publish","type":"post","link":"https:\/\/www.caririemacao.com\/1\/2019\/10\/22\/psl-abre-nesta-terca-feira-processo-contra-eduardo-bolsonaro-e-mais-18-deputados\/","title":{"rendered":"PSL abre nesta ter\u00e7a-feira processo contra Eduardo Bolsonaro e mais 18 deputados"},"content":{"rendered":"\n<p>A briga pela lideran\u00e7a do PSL na C\u00e2mara dos Deputados parece estar longe do fim. Nesta ter\u00e7a-feira, o Diret\u00f3rio Nacional vai eleger os membros do Conselho de \u00c9tica do partido para come\u00e7ar a tramitar o processo interno por infra\u00e7\u00e3o disciplinar contra 19 parlamentares bolsonaristas. Entre os alvos est\u00e3o o novo l\u00edder do partido da C\u00e2mara, Eduardo Bolsonaro (SP), e o l\u00edder do governo, Vitor Hugo (GO).&nbsp;<\/p>\n\n\n\n<p>Todos foram convocados para reuni\u00e3o hoje na sede do partido, para se posicionar sobre as acusa\u00e7\u00f5es. Eles ainda t\u00eam um prazo de cinco dias para contesta\u00e7\u00e3o. As penalidades v\u00e3o de advert\u00eancia \u00e0 expuls\u00e3o.<\/p>\n\n\n\n<p>A abertura do processo disciplinar contra os parlamentares de oposi\u00e7\u00e3o do presidente do partido, Luciano Bivar, foi contra-ataque do grupo bivarista ap\u00f3s uma nova batalha de listas para o cargo de l\u00edder. Num intervalo de seis horas, tr\u00eas documentos foram protocolados na segunda-feira na Mesa Diretora, al\u00e7ando \u00e0 lideran\u00e7a o deputado Eduardo Bolsonaro (SP), que tratou de destituir os 12 vice-l\u00edderes da sigla, a maioria ligada ao presidente do partido, Luciano Bivar.<\/p>\n\n\n\n<p>A primeira lista foi apresentada por Vitor Hugo, do grupo pr\u00f3-Eduardo, com 29 assinaturas, das quais 28 receberam a autentica\u00e7\u00e3o, o que levou o deputado ao posto de l\u00edder do partido. Sem saber que Vitor Hugo protocolava a rela\u00e7\u00e3o a favor de Eduardo, o at\u00e9 ent\u00e3o l\u00edder da bancada, Delegado Waldir, gravou v\u00eddeo abrindo m\u00e3o da lideran\u00e7a para um terceiro nome, conforme o acordo que vinha sendo articulado nos bastidores.<\/p>\n\n\n\n<p>Diante da primeira lista pr\u00f3-Eduardo, o grupo pr\u00f3-Waldir apresentou nova rela\u00e7\u00e3o, endossada por 28 deputados. Em seguida, os apoiadores de Eduardo protocolaram o terceiro documento do dia para mant\u00ea-lo na lideran\u00e7a. As duas \u00faltimas listas n\u00e3o foram ainda referendadas pela Mesa, e a confer\u00eancia das assinaturas deve ocorrer hoje. Para o jur\u00eddico da C\u00e2mara, a lideran\u00e7a \u00e9 definida pela rela\u00e7\u00e3o de apoios mais recente. Para ser l\u00edder do partido, \u00e9 necess\u00e1rio ter maioria, o que, no PSL, com bancada de 53 deputados, significa 27 assinaturas.<\/p>\n\n\n\n<p>O grupo ligado a Bivar atribui a continuidade da disputa \u00e0 quebra do acordo por um terceiro nome para l\u00edder. Segundo J\u00fanior Bozzella (PSL-SP), o ministro da Secretaria de Governo, Luiz Eduardo Ramos, ligou para Bivar propondo uma pacifica\u00e7\u00e3o que n\u00e3o passasse por Eduardo nem Waldir, o que foi frustrado com a primeira lista em favor do filho do presidente. O ministro confirma que tratou da lideran\u00e7a com Bivar, mas nega o acordo.<\/p>\n\n\n\n<p>Al\u00e9m de Eduardo \u2014 cujo assessor se recusou a receber a notifica\u00e7\u00e3o do partido \u2014 e Vitor Hugo, ser\u00e3o alvos de processos no conselho de \u00e9tica do partido: Al\u00ea Silva (MG), Bia Kicis (DF), Bibo Nunes (RS), Carla Zambelli (SP), Carlos Jordy (RJ), Chris Tonietto (RJ), Coronel Armando (SC), Daniel Silveira (RJ), Luiz Ovando (MS), Filipe Barros (PR), General Gir\u00e3o (RN), Guiga Peixoto (SP), Helio Lopes (RJ), Junio Amaral (MG), Luiz Philippe de Orleans e Bragan\u00e7a (SP), Marcio Labre (RJ) e Sanderson (RS).<\/p>\n","protected":false},"excerpt":{"rendered":"<p>A briga pela lideran\u00e7a do PSL na C\u00e2mara dos Deputados parece estar longe do fim. Nesta ter\u00e7a-feira, o Diret\u00f3rio Nacional vai eleger os membros do&hellip; <\/p>\n","protected":false},"author":1,"featured_media":109426,"comment_status":"closed","ping_status":"closed","sticky":false,"template":"","format":"standard","meta":{"sfsi_plus_gutenberg_text_before_share":"","sfsi_plus_gutenberg_show_text_before_share":"","sfsi_plus_gutenberg_icon_type":"","sfsi_plus_gutenberg_icon_alignemt":"","sfsi_plus_gutenburg_max_per_row":"","footnotes":""},"categories":[11],"tags":[],"class_list":["post-128846","post","type-post","status-publish","format-standard","has-post-thumbnail","hentry","category-politica"],"_links":{"self":[{"href":"https:\/\/www.caririemacao.com\/1\/wp-json\/wp\/v2\/posts\/128846","targetHints":{"allow":["GET"]}}],"collection":[{"href":"https:\/\/www.caririemacao.com\/1\/wp-json\/wp\/v2\/posts"}],"about":[{"href":"https:\/\/www.caririemacao.com\/1\/wp-json\/wp\/v2\/types\/post"}],"author":[{"embeddable":true,"href":"https:\/\/www.caririemacao.com\/1\/wp-json\/wp\/v2\/users\/1"}],"replies":[{"embeddable":true,"href":"https:\/\/www.caririemacao.com\/1\/wp-json\/wp\/v2\/comments?post=128846"}],"version-history":[{"count":1,"href":"https:\/\/www.caririemacao.com\/1\/wp-json\/wp\/v2\/posts\/128846\/revisions"}],"predecessor-version":[{"id":128848,"href":"https:\/\/www.caririemacao.com\/1\/wp-json\/wp\/v2\/posts\/128846\/revisions\/128848"}],"wp:featuredmedia":[{"embeddable":true,"href":"https:\/\/www.caririemacao.com\/1\/wp-json\/wp\/v2\/media\/109426"}],"wp:attachment":[{"href":"https:\/\/www.caririemacao.com\/1\/wp-json\/wp\/v2\/media?parent=128846"}],"wp:term":[{"taxonomy":"category","embeddable":true,"href":"https:\/\/www.caririemacao.com\/1\/wp-json\/wp\/v2\/categories?post=128846"},{"taxonomy":"post_tag","embeddable":true,"href":"https:\/\/www.caririemacao.com\/1\/wp-json\/wp\/v2\/tags?post=128846"}],"curies":[{"name":"wp","href":"https:\/\/api.w.org\/{rel}","templated":true}]}}