{"id":128860,"date":"2019-10-22T10:08:32","date_gmt":"2019-10-22T13:08:32","guid":{"rendered":"http:\/\/www.caririemacao.com\/1\/?p=128860"},"modified":"2019-10-22T10:08:32","modified_gmt":"2019-10-22T13:08:32","slug":"numero-de-mortes-violentas-aumenta-mais-de-19-em-um-mes-na-pb","status":"publish","type":"post","link":"https:\/\/www.caririemacao.com\/1\/2019\/10\/22\/numero-de-mortes-violentas-aumenta-mais-de-19-em-um-mes-na-pb\/","title":{"rendered":"N\u00famero de mortes violentas aumenta mais de 19% em um m\u00eas, na PB"},"content":{"rendered":"\n<p>O n\u00famero de mortes violentas aumentou 19,4% entre julho e agosto, conforme dados do Monitor da Viol\u00eancia, na Para\u00edba. O m\u00eas de julho foi o menos violento do ano at\u00e9 agora, com 67 mortes, enquanto que em agosto, o n\u00famero subiu para 80.<\/p>\n\n\n\n<p>O n\u00famero do m\u00eas de agosto, em 2019, pouco variou em rela\u00e7\u00e3o ao mesmo m\u00eas do ano de 2018, quando 81 assassinatos foram contabilizados pelo Monitor da Viol\u00eancia.<\/p>\n\n\n\n<p>Em rela\u00e7\u00e3o aos oito primeiros meses do ano, 623 mortes violentas foram registradas na Para\u00edba em 2019. O somat\u00f3rio sofreu uma redu\u00e7\u00e3o de 21,3% em rela\u00e7\u00e3o ao mesmo per\u00edodo de 2018, quando aconteceram 792 assassinatos.<\/p>\n\n\n\n<ul class=\"wp-block-list\"><li>P\u00c1GINA ESPECIAL: Mapa mostra mortes violentas m\u00eas a m\u00eas no pa\u00eds<\/li><li>METODOLOGIA: Monitor da Viol\u00eancia<\/li><\/ul>\n\n\n\n<p>De acordo com os dados obtidos pela Lei de Acesso \u00e0 Informa\u00e7\u00e3o (LAI), entre os Crimes Violentos Letais e Intencionais (CVLI), todos os assassinatos foram homic\u00eddios dolosos. No m\u00eas de agosto de 2019 n\u00e3o houve nenhum latroc\u00ednio ou agress\u00e3o seguida de morte.<\/p>\n\n\n\n<p>Os dados apontam que:<\/p>\n\n\n\n<ul class=\"wp-block-list\"><li>A Para\u00edba teve&nbsp;<strong>623 assassinatos de janeiro a agosto de 2019<\/strong>, 21,3% a menos que no mesmo per\u00edodo de 2018;<\/li><li><strong>N\u00famero de mortes<\/strong>&nbsp;no m\u00eas de agosto de 2019&nbsp;<strong>pouco variou<\/strong>&nbsp;em rela\u00e7\u00e3o ao mesmo m\u00eas de 2018;<\/li><li>Em agosto, houve&nbsp;<strong>aumento de 19% no n\u00famero de assassinatos<\/strong>&nbsp;com rela\u00e7\u00e3o ao m\u00eas de julho de 2019.<\/li><\/ul>\n\n\n\n<p>No Brasil, houve uma queda de 22% no n\u00famero de mortes violentas registradas nos primeiros oito meses deste ano em compara\u00e7\u00e3o com o mesmo per\u00edodo de 2018. Somente em agosto, houve 3,1 mil assassinatos, contra 3,9 mil no mesmo m\u00eas do ano passado. J\u00e1 no per\u00edodo que engloba os oito meses, foram 27.517 mortes violentas \u2014 7,9 mil a menos que o registrado de janeiro a agosto de 2018 (35.422).<\/p>\n\n\n\n<div class=\"wp-block-image\"><figure class=\"aligncenter\"><img decoding=\"async\" data-src=\"https:\/\/s2.glbimg.com\/nonv26ZorfGDKo-FnWzSz5EkGkk=\/0x0:977x550\/984x0\/smart\/filters:strip_icc()\/i.s3.glbimg.com\/v1\/AUTH_59edd422c0c84a879bd37670ae4f538a\/internal_photos\/bs\/2019\/n\/B\/YlXEENRhWUjkUqN6JzJg\/monitor-da-violencia-agosto-2019.jpg\" alt=\"80 assassinatos foram registrados no m\u00eas de agosto de 2019, de acordo com o Monitor da Viol\u00eancia \u2014 Foto: Reprodu\u00e7\u00e3o\/G1\" src=\"data:image\/svg+xml;base64,PHN2ZyB3aWR0aD0iMSIgaGVpZ2h0PSIxIiB4bWxucz0iaHR0cDovL3d3dy53My5vcmcvMjAwMC9zdmciPjwvc3ZnPg==\" class=\"lazyload\" \/><\/figure><\/div>\n\n\n\n<p>80 assassinatos foram registrados no m\u00eas de agosto de 2019, de acordo com o Monitor da Viol\u00eancia \u2014 Foto: Reprodu\u00e7\u00e3o\/G1<\/p>\n\n\n\n<h2 class=\"wp-block-heading\">Como o levantamento \u00e9 feito<\/h2>\n\n\n\n<p>A&nbsp;ferramenta criada pelo G1&nbsp;permite o acompanhamento dos dados de v\u00edtimas de crimes violentos m\u00eas a m\u00eas no pa\u00eds. Est\u00e3o contabilizadas as v\u00edtimas de homic\u00eddios dolosos (incluindo os feminic\u00eddios), latroc\u00ednios e les\u00f5es corporais seguidas de morte. Juntos, estes casos comp\u00f5em os chamados crimes violentos letais e intencionais.<\/p>\n\n\n\n<p>Jornalistas do G1 espalhados pelo pa\u00eds solicitam os dados, via assessoria de imprensa e via Lei de Acesso \u00e0 Informa\u00e7\u00e3o, seguindo o padr\u00e3o metodol\u00f3gico utilizado pelo f\u00f3rum no Anu\u00e1rio Brasileiro de Seguran\u00e7a P\u00fablica.<\/p>\n","protected":false},"excerpt":{"rendered":"<p>O n\u00famero de mortes violentas aumentou 19,4% entre julho e agosto, conforme dados do Monitor da Viol\u00eancia, na Para\u00edba. O m\u00eas de julho foi o&hellip; <\/p>\n","protected":false},"author":1,"featured_media":27188,"comment_status":"closed","ping_status":"closed","sticky":false,"template":"","format":"standard","meta":{"sfsi_plus_gutenberg_text_before_share":"","sfsi_plus_gutenberg_show_text_before_share":"","sfsi_plus_gutenberg_icon_type":"","sfsi_plus_gutenberg_icon_alignemt":"","sfsi_plus_gutenburg_max_per_row":"","footnotes":""},"categories":[2],"tags":[],"class_list":["post-128860","post","type-post","status-publish","format-standard","has-post-thumbnail","hentry","category-geral"],"_links":{"self":[{"href":"https:\/\/www.caririemacao.com\/1\/wp-json\/wp\/v2\/posts\/128860","targetHints":{"allow":["GET"]}}],"collection":[{"href":"https:\/\/www.caririemacao.com\/1\/wp-json\/wp\/v2\/posts"}],"about":[{"href":"https:\/\/www.caririemacao.com\/1\/wp-json\/wp\/v2\/types\/post"}],"author":[{"embeddable":true,"href":"https:\/\/www.caririemacao.com\/1\/wp-json\/wp\/v2\/users\/1"}],"replies":[{"embeddable":true,"href":"https:\/\/www.caririemacao.com\/1\/wp-json\/wp\/v2\/comments?post=128860"}],"version-history":[{"count":1,"href":"https:\/\/www.caririemacao.com\/1\/wp-json\/wp\/v2\/posts\/128860\/revisions"}],"predecessor-version":[{"id":128861,"href":"https:\/\/www.caririemacao.com\/1\/wp-json\/wp\/v2\/posts\/128860\/revisions\/128861"}],"wp:featuredmedia":[{"embeddable":true,"href":"https:\/\/www.caririemacao.com\/1\/wp-json\/wp\/v2\/media\/27188"}],"wp:attachment":[{"href":"https:\/\/www.caririemacao.com\/1\/wp-json\/wp\/v2\/media?parent=128860"}],"wp:term":[{"taxonomy":"category","embeddable":true,"href":"https:\/\/www.caririemacao.com\/1\/wp-json\/wp\/v2\/categories?post=128860"},{"taxonomy":"post_tag","embeddable":true,"href":"https:\/\/www.caririemacao.com\/1\/wp-json\/wp\/v2\/tags?post=128860"}],"curies":[{"name":"wp","href":"https:\/\/api.w.org\/{rel}","templated":true}]}}