{"id":128866,"date":"2019-10-22T11:12:06","date_gmt":"2019-10-22T14:12:06","guid":{"rendered":"http:\/\/www.caririemacao.com\/1\/?p=128866"},"modified":"2019-10-22T11:12:06","modified_gmt":"2019-10-22T14:12:06","slug":"previa-da-inflacao-e-de-009-na-menor-taxa-para-outubro-desde-1998","status":"publish","type":"post","link":"https:\/\/www.caririemacao.com\/1\/2019\/10\/22\/previa-da-inflacao-e-de-009-na-menor-taxa-para-outubro-desde-1998\/","title":{"rendered":"Pr\u00e9via da infla\u00e7\u00e3o \u00e9 de 0,09% na menor taxa para outubro desde 1998"},"content":{"rendered":"\n<p>A pr\u00e9via da infla\u00e7\u00e3o de outubro \u00e9 de 0,09%. O \u00cdndice Nacional de Pre\u00e7os ao Consumidor Amplo 15 (IPCA-15) foi divulgado hoje (22) e \u00e9 o menor registrado para outubro desde 1998, quando foi de 0,01%. O IPCA-15 \u00e9 a infla\u00e7\u00e3o oficial do pa\u00eds.<\/p>\n\n\n\n<p>Segundo informou o Instituto Brasileiro de Geografia e Estat\u00edstica (IBGE), a alta acumulada este ano est\u00e1 em 2,69%. Nos \u00faltimos 12 meses, ficou em 2,72%.<\/p>\n\n\n\n<p>Os grupos de sa\u00fade e cuidados pessoais, com 0,85%, e transportes, com 0,35%, foram os respons\u00e1veis por puxar o IPCA-15 para cima em outubro.<\/p>\n\n\n\n<p>As principais quedas, que determinaram defla\u00e7\u00e3o, ficaram por conta de alimenta\u00e7\u00e3o e bebidas (-0,25%), habita\u00e7\u00e3o (-0,23%) e artigos de resid\u00eancia (-0,21%).<\/p>\n","protected":false},"excerpt":{"rendered":"<p>A pr\u00e9via da infla\u00e7\u00e3o de outubro \u00e9 de 0,09%. O \u00cdndice Nacional de Pre\u00e7os ao Consumidor Amplo 15 (IPCA-15) foi divulgado hoje (22) e \u00e9&hellip; <\/p>\n","protected":false},"author":1,"featured_media":9677,"comment_status":"closed","ping_status":"closed","sticky":false,"template":"","format":"standard","meta":{"sfsi_plus_gutenberg_text_before_share":"","sfsi_plus_gutenberg_show_text_before_share":"","sfsi_plus_gutenberg_icon_type":"","sfsi_plus_gutenberg_icon_alignemt":"","sfsi_plus_gutenburg_max_per_row":"","footnotes":""},"categories":[2],"tags":[],"class_list":["post-128866","post","type-post","status-publish","format-standard","has-post-thumbnail","hentry","category-geral"],"_links":{"self":[{"href":"https:\/\/www.caririemacao.com\/1\/wp-json\/wp\/v2\/posts\/128866","targetHints":{"allow":["GET"]}}],"collection":[{"href":"https:\/\/www.caririemacao.com\/1\/wp-json\/wp\/v2\/posts"}],"about":[{"href":"https:\/\/www.caririemacao.com\/1\/wp-json\/wp\/v2\/types\/post"}],"author":[{"embeddable":true,"href":"https:\/\/www.caririemacao.com\/1\/wp-json\/wp\/v2\/users\/1"}],"replies":[{"embeddable":true,"href":"https:\/\/www.caririemacao.com\/1\/wp-json\/wp\/v2\/comments?post=128866"}],"version-history":[{"count":1,"href":"https:\/\/www.caririemacao.com\/1\/wp-json\/wp\/v2\/posts\/128866\/revisions"}],"predecessor-version":[{"id":128867,"href":"https:\/\/www.caririemacao.com\/1\/wp-json\/wp\/v2\/posts\/128866\/revisions\/128867"}],"wp:featuredmedia":[{"embeddable":true,"href":"https:\/\/www.caririemacao.com\/1\/wp-json\/wp\/v2\/media\/9677"}],"wp:attachment":[{"href":"https:\/\/www.caririemacao.com\/1\/wp-json\/wp\/v2\/media?parent=128866"}],"wp:term":[{"taxonomy":"category","embeddable":true,"href":"https:\/\/www.caririemacao.com\/1\/wp-json\/wp\/v2\/categories?post=128866"},{"taxonomy":"post_tag","embeddable":true,"href":"https:\/\/www.caririemacao.com\/1\/wp-json\/wp\/v2\/tags?post=128866"}],"curies":[{"name":"wp","href":"https:\/\/api.w.org\/{rel}","templated":true}]}}