{"id":128880,"date":"2019-10-22T11:16:09","date_gmt":"2019-10-22T14:16:09","guid":{"rendered":"http:\/\/www.caririemacao.com\/1\/?p=128880"},"modified":"2019-10-22T11:16:09","modified_gmt":"2019-10-22T14:16:09","slug":"joice-diz-que-ha-time-de-fake-news-no-entorno-do-cla-bolsonaro","status":"publish","type":"post","link":"https:\/\/www.caririemacao.com\/1\/2019\/10\/22\/joice-diz-que-ha-time-de-fake-news-no-entorno-do-cla-bolsonaro\/","title":{"rendered":"Joice diz que h\u00e1 \u2018time de fake news\u2019 no entorno do cl\u00e3 Bolsonaro"},"content":{"rendered":"\n<p> A\u00a0deputada Joice Hasselmann (PSL-SP) afirmou na noite desta segunda-feira (21), em entrevista ao programa Roda Viva, da TV Cultura, que n\u00e3o fazia parte do \u201ctime de fake news\u201d que atuou antes da elei\u00e7\u00e3o do presidente Jair Bolsonaro \u2013 e ainda atua, segundo ela \u2013 porque toda vez que foi para o ataque \u201cpunha o rosto\u201d \u00e0 mostra.<\/p>\n\n\n\n<p>Joice afirmou ainda que sempre tem um filho de Bolsonaro \u201cenvolvido\u201d nos casos. A deputada do PSL de S\u00e3o Paulo disse que h\u00e1 um grupo que desde a \u00e9poca da campanha fazia ataques e continua fazendo. De acordo com Joice, nunca houve tanta influ\u00eancia de uma fam\u00edlia no governo desde a gest\u00e3o do ent\u00e3o presidente Jos\u00e9 Sarney. \u201cMuitas vezes, disse ao presidente: me ajude a te ajudar. Fazer puxadinho familiar no Planalto n\u00e3o vai funcionar\u201d, relatou.<\/p>\n\n\n\n<p>Joice declarou que sua \u201corelha come\u00e7ou a ficar em p\u00e9\u201d quando os ex-ministros Santos Cruz e Gustavo Bebianno come\u00e7aram a ser atacados. \u201cQuando Santos Cruz foi achincalhado nas redes, resolvi dar uma aten\u00e7\u00e3o um pouco maior para entender o que estava acontecendo.\u201d<\/p>\n\n\n\n<p>Joice disse que vai procurar o Minist\u00e9rio P\u00fablico, fazer um boletim de ocorr\u00eancia e denunciar ao Conselho de \u00c9tica e Decoro Parlamentar da C\u00e2mara ataques de \u201cfake news\u201d e montagens dos quais \u00e9 alvo. Enquanto esses ataques s\u00e3o realizados, declarou, h\u00e1 problemas para resolver, como o pacote anticrime parado no Congresso Nacional.<\/p>\n\n\n\n<p>A deputada reclamou de montagens feitas com a foto dela com \u201cbichos e corpo de porco\u201d. \u201c\u00c9 uma coisa muito baixa que n\u00e3o ajuda o Brasil\u201d, disse. \u201cQuanto voc\u00ea tem assessor de deputado pago por dinheiro p\u00fablico fazendo memes e ataques virulentos, sendo bancado com dinheiro p\u00fablico, n\u00e3o parece que isso passe perto da moralidade\u201d, avaliou.<\/p>\n\n\n\n<p>Joice afirmou que est\u00e1 mapeando quem est\u00e1 realizando esses ataques. De acordo com ela, alguns perfis j\u00e1 est\u00e3o identificados. \u201cPerfis que est\u00e3o nas m\u00e3os de assessores dos meninos (filhos do presidente)\u201d, acusou. A parlamentar disse ainda que a sa\u00edda da lideran\u00e7a do governo no Congresso foi um al\u00edvio. \u201cMinha lealdade sempre foi inquestion\u00e1vel. N\u00e3o esperava uma gratid\u00e3o, mas um pouquinho de respeito. Agora, esses ataques da meninada nos grupos est\u00e1 ficando muito ruim, mas tenho o couro duro, n\u00e3o tenho medo\u201d, finalizou.<\/p>\n","protected":false},"excerpt":{"rendered":"<p>A\u00a0deputada Joice Hasselmann (PSL-SP) afirmou na noite desta segunda-feira (21), em entrevista ao programa Roda Viva, da TV Cultura, que n\u00e3o fazia parte do \u201ctime&hellip; <\/p>\n","protected":false},"author":1,"featured_media":128882,"comment_status":"closed","ping_status":"closed","sticky":false,"template":"","format":"standard","meta":{"sfsi_plus_gutenberg_text_before_share":"","sfsi_plus_gutenberg_show_text_before_share":"","sfsi_plus_gutenberg_icon_type":"","sfsi_plus_gutenberg_icon_alignemt":"","sfsi_plus_gutenburg_max_per_row":"","footnotes":""},"categories":[11],"tags":[],"class_list":["post-128880","post","type-post","status-publish","format-standard","has-post-thumbnail","hentry","category-politica"],"_links":{"self":[{"href":"https:\/\/www.caririemacao.com\/1\/wp-json\/wp\/v2\/posts\/128880","targetHints":{"allow":["GET"]}}],"collection":[{"href":"https:\/\/www.caririemacao.com\/1\/wp-json\/wp\/v2\/posts"}],"about":[{"href":"https:\/\/www.caririemacao.com\/1\/wp-json\/wp\/v2\/types\/post"}],"author":[{"embeddable":true,"href":"https:\/\/www.caririemacao.com\/1\/wp-json\/wp\/v2\/users\/1"}],"replies":[{"embeddable":true,"href":"https:\/\/www.caririemacao.com\/1\/wp-json\/wp\/v2\/comments?post=128880"}],"version-history":[{"count":1,"href":"https:\/\/www.caririemacao.com\/1\/wp-json\/wp\/v2\/posts\/128880\/revisions"}],"predecessor-version":[{"id":128883,"href":"https:\/\/www.caririemacao.com\/1\/wp-json\/wp\/v2\/posts\/128880\/revisions\/128883"}],"wp:featuredmedia":[{"embeddable":true,"href":"https:\/\/www.caririemacao.com\/1\/wp-json\/wp\/v2\/media\/128882"}],"wp:attachment":[{"href":"https:\/\/www.caririemacao.com\/1\/wp-json\/wp\/v2\/media?parent=128880"}],"wp:term":[{"taxonomy":"category","embeddable":true,"href":"https:\/\/www.caririemacao.com\/1\/wp-json\/wp\/v2\/categories?post=128880"},{"taxonomy":"post_tag","embeddable":true,"href":"https:\/\/www.caririemacao.com\/1\/wp-json\/wp\/v2\/tags?post=128880"}],"curies":[{"name":"wp","href":"https:\/\/api.w.org\/{rel}","templated":true}]}}