{"id":128888,"date":"2019-10-22T11:19:20","date_gmt":"2019-10-22T14:19:20","guid":{"rendered":"http:\/\/www.caririemacao.com\/1\/?p=128888"},"modified":"2019-10-22T11:19:20","modified_gmt":"2019-10-22T14:19:20","slug":"policia-prende-16-suspeitos-que-planejavam-invadir-o-maracana-no-jogo-do-flamengo-nesta-quarta","status":"publish","type":"post","link":"https:\/\/www.caririemacao.com\/1\/2019\/10\/22\/policia-prende-16-suspeitos-que-planejavam-invadir-o-maracana-no-jogo-do-flamengo-nesta-quarta\/","title":{"rendered":"Pol\u00edcia prende 16 suspeitos que planejavam invadir o Maracan\u00e3 no jogo do Flamengo nesta quarta"},"content":{"rendered":"\n<p> A Pol\u00edcia Civil do RJ prendeu, na manh\u00e3 desta ter\u00e7a-feira (22), 16 suspeitos de planejar invadir o Est\u00e1dio do Maracan\u00e3, na noite de quarta-feira (23), para o jogo Flamengo x Gr\u00eamio, v\u00e1lido pela partida de volta da semifinal da Libertadores. A a\u00e7\u00e3o visa a cumprir 27 mandados de pris\u00e3o e 89 intima\u00e7\u00f5es do Juizado Especial do Torcedor e dos Grandes Eventos.<br><\/p>\n\n\n\n<p>At\u00e9 as 9h, um homem tinha morrido em Manguinhos, e outros dois foram baleados no Jacarezinho &#8211; um deles dentro de um \u00f4nibus.&nbsp;<\/p>\n\n\n\n<p>Segundo as investiga\u00e7\u00f5es, o grupo estava disposto a enfrentar a pol\u00edcia, apesar do policiamento refor\u00e7ado, e tamb\u00e9m assaltaria outros torcedores no caminho para o est\u00e1dio.&nbsp;<\/p>\n\n\n\n<p><strong>Vigil\u00e2ncia pela internet<\/strong><\/p>\n\n\n\n<p>A investiga\u00e7\u00e3o monitorou redes sociais e detectou a movimenta\u00e7\u00e3o de grupos que afirmavam ter falsificado ingressos e se preparavam para roubar torcedores e invadir o est\u00e1dio.&nbsp;<\/p>\n\n\n\n<p>H\u00e1 \u00e1udios dos suspeitos desafiando as for\u00e7as de seguran\u00e7a e conversas em que planejam ataques. Num dos grupos de troca de mensagens, havia pelo menos 150 pessoas marcando local de encontro para cometer os crimes.&nbsp;<\/p>\n\n\n\n<p>De acordo com informa\u00e7\u00f5es da pol\u00edcia, todos os procurados s\u00e3o investigados por forma\u00e7\u00e3o de quadrilha. Mais de 100 equipes da pol\u00edcia d\u00e3o apoio \u00e0 a\u00e7\u00e3o.&nbsp;<\/p>\n\n\n\n<p>Os agentes cumprem mandados judiciais na capital, Baixada Fluminense, Regi\u00e3o dos Lagos, Regi\u00e3o Serrana e Grande Rio.&nbsp;<\/p>\n\n\n\n<p>O Batalh\u00e3o Especial de Policiamento de Est\u00e1dio (Bepe) vai refor\u00e7ar o planejamento de seguran\u00e7a e ter\u00e1 efetivo de 800 policiais. O per\u00edmetro de seguran\u00e7a tamb\u00e9m foi estendido no entorno do est\u00e1dio.&nbsp;<\/p>\n\n\n\n<p><strong>Duas pessoas baleadas no Jacarezinho<\/strong><\/p>\n\n\n\n<p>Um dos locais onde os agentes cumprem mandados \u00e9 na Favela do Jacarezinho, na Zona Norte da cidade.&nbsp;<\/p>\n\n\n\n<p>Durante a a\u00e7\u00e3o, o passageiro de um \u00f4nibus que passava pela regi\u00e3o foi baleado. Ainda n\u00e3o h\u00e1 informa\u00e7\u00f5es sobre o estado de sa\u00fade da v\u00edtima.&nbsp;<\/p>\n\n\n\n<p>Um homem em uma moto tamb\u00e9m foi baleado no interior da comunidade.<br><\/p>\n\n\n\n<p><strong>Torcida invadiu est\u00e1dio em 2017<\/strong><\/p>\n\n\n\n<p>Em 2017, torcedores rubro-negros invadiram o Maracan\u00e3 durante a partida do Flamengo contra a equipe argentina Club Atl\u00e9tico Independiente durante a Copa Sul Americana.&nbsp;<\/p>\n\n\n\n<p>Houve uma confus\u00e3o generalizada num dos acessos ao est\u00e1dio. A Pol\u00edcia Militar tentou conter os diversos focos de invas\u00f5es, mas em muitos casos n\u00e3o conseguiu.&nbsp;<\/p>\n\n\n\n<p>Mesmo antes do in\u00edcio da partida, marcada para as 21h45, o acesso em frente \u00e0 Est\u00e1tua do Bellini, na Avenida Maracan\u00e3, precisou ser cercado por PMs para evitar que os torcedores seguissem entrando no est\u00e1dio de forma desordenada.&nbsp;<\/p>\n\n\n\n<p>Em meio ao tumulto, um policial precisou escoltar uma crian\u00e7a e seus respons\u00e1veis at\u00e9 um local seguro.<\/p>\n","protected":false},"excerpt":{"rendered":"<p>A Pol\u00edcia Civil do RJ prendeu, na manh\u00e3 desta ter\u00e7a-feira (22), 16 suspeitos de planejar invadir o Est\u00e1dio do Maracan\u00e3, na noite de quarta-feira (23),&hellip; <\/p>\n","protected":false},"author":1,"featured_media":128889,"comment_status":"closed","ping_status":"closed","sticky":false,"template":"","format":"standard","meta":{"sfsi_plus_gutenberg_text_before_share":"","sfsi_plus_gutenberg_show_text_before_share":"","sfsi_plus_gutenberg_icon_type":"","sfsi_plus_gutenberg_icon_alignemt":"","sfsi_plus_gutenburg_max_per_row":"","footnotes":""},"categories":[12],"tags":[],"class_list":["post-128888","post","type-post","status-publish","format-standard","has-post-thumbnail","hentry","category-policia"],"_links":{"self":[{"href":"https:\/\/www.caririemacao.com\/1\/wp-json\/wp\/v2\/posts\/128888","targetHints":{"allow":["GET"]}}],"collection":[{"href":"https:\/\/www.caririemacao.com\/1\/wp-json\/wp\/v2\/posts"}],"about":[{"href":"https:\/\/www.caririemacao.com\/1\/wp-json\/wp\/v2\/types\/post"}],"author":[{"embeddable":true,"href":"https:\/\/www.caririemacao.com\/1\/wp-json\/wp\/v2\/users\/1"}],"replies":[{"embeddable":true,"href":"https:\/\/www.caririemacao.com\/1\/wp-json\/wp\/v2\/comments?post=128888"}],"version-history":[{"count":1,"href":"https:\/\/www.caririemacao.com\/1\/wp-json\/wp\/v2\/posts\/128888\/revisions"}],"predecessor-version":[{"id":128890,"href":"https:\/\/www.caririemacao.com\/1\/wp-json\/wp\/v2\/posts\/128888\/revisions\/128890"}],"wp:featuredmedia":[{"embeddable":true,"href":"https:\/\/www.caririemacao.com\/1\/wp-json\/wp\/v2\/media\/128889"}],"wp:attachment":[{"href":"https:\/\/www.caririemacao.com\/1\/wp-json\/wp\/v2\/media?parent=128888"}],"wp:term":[{"taxonomy":"category","embeddable":true,"href":"https:\/\/www.caririemacao.com\/1\/wp-json\/wp\/v2\/categories?post=128888"},{"taxonomy":"post_tag","embeddable":true,"href":"https:\/\/www.caririemacao.com\/1\/wp-json\/wp\/v2\/tags?post=128888"}],"curies":[{"name":"wp","href":"https:\/\/api.w.org\/{rel}","templated":true}]}}