{"id":128900,"date":"2019-10-22T11:24:05","date_gmt":"2019-10-22T14:24:05","guid":{"rendered":"http:\/\/www.caririemacao.com\/1\/?p=128900"},"modified":"2019-10-22T11:24:05","modified_gmt":"2019-10-22T14:24:05","slug":"bolsonaro-visita-ao-japao-nao-e-so-de-negocio-mas-de-relacionamento","status":"publish","type":"post","link":"https:\/\/www.caririemacao.com\/1\/2019\/10\/22\/bolsonaro-visita-ao-japao-nao-e-so-de-negocio-mas-de-relacionamento\/","title":{"rendered":"Bolsonaro: visita ao Jap\u00e3o n\u00e3o \u00e9 s\u00f3 de neg\u00f3cio, mas de relacionamento"},"content":{"rendered":"\n<p> O presidente Jair Bolsonaro participou hoje (22) da cerim\u00f4nia de ascens\u00e3o ao\u00a0<a rel=\"noreferrer noopener\" href=\"http:\/\/agenciabrasil.ebc.com.br\/internacional\/noticia\/2019-10\/imperador-naruhito-proclama-sua-ascensao-ao-trono-do-japao\" target=\"_blank\">trono do imperador japon\u00eas Naruhito<\/a>, em T\u00f3quio. &#8220;Participar da cerim\u00f4nia de entroniza\u00e7\u00e3o \u00e9 um motivo de satisfa\u00e7\u00e3o e de orgulho. Temos muito respeito e considera\u00e7\u00e3o pelo povo japon\u00eas&#8221;, disse o presidente, de acordo com publica\u00e7\u00f5es nas redes sociais da Presid\u00eancia.<\/p>\n\n\n\n<p>A solenidade aconteceu no Pal\u00e1cio Imperial, \u00e0s 13h (hor\u00e1rio local). Em maio, Naruhito participou de atos nos quais herdou as ins\u00edgnias imperiais de seu pai e fez o seu primeiro discurso na posi\u00e7\u00e3o de imperador.<\/p>\n\n\n\n<p>Em seguida, \u00e0s 17h, a previs\u00e3o \u00e9 que Bolsonaro se encontrasse com o&nbsp;<a href=\"http:\/\/agenciabrasil.ebc.com.br\/politica\/noticia\/2019-10\/no-japao-bolsonaro-tera-encontro-bilateral-com-presidente-da-ucrania-0\" target=\"_blank\" rel=\"noreferrer noopener\">presidente da Ucr\u00e2nia<\/a>, Volodymyr Zelenski. Comediante estreante na pol\u00edtica, Zelenski assumiu o cargo em maio. Atualmente, o ucraniano encontra-se no centro de um processo de&nbsp;<em>impeachment<\/em>&nbsp;contra o presidente dos Estados Unidos, Donald Trump, que teria pedido a ele para intervir numa investiga\u00e7\u00e3o contra Joe Biden, seu rival pol\u00edtico.<\/p>\n\n\n\n<h2 class=\"wp-block-heading\">Mais investimentos<\/h2>\n\n\n\n<p>Questionado&nbsp;hoje&nbsp;sobre o acordo da China com os Estados Unidos, em que os chineses se comprometem a comprar mais produtos agr\u00edcolas dos americanos, Bolsonaro disse que a demanda por alimentos no mundo cresce 60 mil toneladas a cada ano e que \u201cn\u00e3o \u00e9 qualquer lugar do mundo que voc\u00ea pode tirar isso a\u00ed\u201d.<\/p>\n\n\n\n<p>\u201cO Brasil \u00e9 um dos pa\u00edses que menos usa suas terras para agricultura temos muito espa\u00e7o ainda. N\u00e3o temos como interferir no com\u00e9rcio&nbsp;Estados Unidos-China, temos que fazer a nossa parte. Se conseguirmos, por exemplo, atrav\u00e9s de infraestrutura, fazer renascer o modal ferrovi\u00e1rio, diminuir pre\u00e7o de transporte, aperfei\u00e7oar tecnologia, n\u00f3s podemos fazer nossa mercadoria chegar de forma mais competitiva nesses pa\u00edses\u201d, disse \u00e0 imprensa, antes da cerim\u00f4nia de entroniza\u00e7\u00e3o, em T\u00f3quio.<\/p>\n\n\n\n<p>Entre os objetivos desta&nbsp;viagem est\u00e1 a busca de novos investimentos no Brasil. \u201cN\u00e3o temos recursos pr\u00f3prio para investir e queremos cada vez mais afastar o Estado. Obviamente n\u00f3s vamos dialogar, fazer acordos, para que investimentos em infraestrutura se fa\u00e7am presentes\u201d, destacou.<\/p>\n\n\n\n<h2 class=\"wp-block-heading\">Agenda&nbsp;<\/h2>\n\n\n\n<p>Amanh\u00e3 (23), ainda em T\u00f3quio, est\u00e3o previstos encontros do presidente brasileiro com o primeiro-ministro do Jap\u00e3o, Shinzo Abe, com empres\u00e1rio japoneses e com a comunidade brasileira no Jap\u00e3o. Bolsonaro tamb\u00e9m participa de um banquete oferecido por Abe a todos os chefes de Estado presentes na entroniza\u00e7\u00e3o do imperador.<\/p>\n\n\n\n<p>\u00c9 a segunda vez que o presidente Bolsonaro vai ao Jap\u00e3o este ano. Em junho, ele esteve em Osaka para participar da reuni\u00e3o do G20, que re\u00fane as maiores economias do mundo. Ontem (21), na sua chegada ao pa\u00eds asi\u00e1tico, o presidente afirmou que o Brasil est\u00e1 reconquistando sua confian\u00e7a no mundo e disse que a viagem atual n\u00e3o \u00e9 apenas uma viagem de neg\u00f3cios, mas de relacionamento.<\/p>\n\n\n\n<p>&#8220;Para agora, a vinda aqui n\u00e3o \u00e9 neg\u00f3cio em si, \u00e9 bom relacionamento&#8221;, disse. &#8220;O Brasil \u00e9 um pa\u00eds inexplorado ainda, e tudo que puder fazer em parcerias com pa\u00edses como Jap\u00e3o, no que depender de mim ser\u00e1 feito.&#8221;<\/p>\n\n\n\n<p>O presidente est\u00e1 em viagem oficial de dez dias por \u00c1sia e Oriente M\u00e9dio. Na quinta-feira (24), a comitiva presidencial partir\u00e1 para a China, depois Emirados \u00c1rabes, Catar e Ar\u00e1bia Saudita.<\/p>\n","protected":false},"excerpt":{"rendered":"<p>O presidente Jair Bolsonaro participou hoje (22) da cerim\u00f4nia de ascens\u00e3o ao\u00a0trono do imperador japon\u00eas Naruhito, em T\u00f3quio. &#8220;Participar da cerim\u00f4nia de entroniza\u00e7\u00e3o \u00e9 um&hellip; <\/p>\n","protected":false},"author":1,"featured_media":109797,"comment_status":"closed","ping_status":"closed","sticky":false,"template":"","format":"standard","meta":{"sfsi_plus_gutenberg_text_before_share":"","sfsi_plus_gutenberg_show_text_before_share":"","sfsi_plus_gutenberg_icon_type":"","sfsi_plus_gutenberg_icon_alignemt":"","sfsi_plus_gutenburg_max_per_row":"","footnotes":""},"categories":[11],"tags":[],"class_list":["post-128900","post","type-post","status-publish","format-standard","has-post-thumbnail","hentry","category-politica"],"_links":{"self":[{"href":"https:\/\/www.caririemacao.com\/1\/wp-json\/wp\/v2\/posts\/128900","targetHints":{"allow":["GET"]}}],"collection":[{"href":"https:\/\/www.caririemacao.com\/1\/wp-json\/wp\/v2\/posts"}],"about":[{"href":"https:\/\/www.caririemacao.com\/1\/wp-json\/wp\/v2\/types\/post"}],"author":[{"embeddable":true,"href":"https:\/\/www.caririemacao.com\/1\/wp-json\/wp\/v2\/users\/1"}],"replies":[{"embeddable":true,"href":"https:\/\/www.caririemacao.com\/1\/wp-json\/wp\/v2\/comments?post=128900"}],"version-history":[{"count":1,"href":"https:\/\/www.caririemacao.com\/1\/wp-json\/wp\/v2\/posts\/128900\/revisions"}],"predecessor-version":[{"id":128901,"href":"https:\/\/www.caririemacao.com\/1\/wp-json\/wp\/v2\/posts\/128900\/revisions\/128901"}],"wp:featuredmedia":[{"embeddable":true,"href":"https:\/\/www.caririemacao.com\/1\/wp-json\/wp\/v2\/media\/109797"}],"wp:attachment":[{"href":"https:\/\/www.caririemacao.com\/1\/wp-json\/wp\/v2\/media?parent=128900"}],"wp:term":[{"taxonomy":"category","embeddable":true,"href":"https:\/\/www.caririemacao.com\/1\/wp-json\/wp\/v2\/categories?post=128900"},{"taxonomy":"post_tag","embeddable":true,"href":"https:\/\/www.caririemacao.com\/1\/wp-json\/wp\/v2\/tags?post=128900"}],"curies":[{"name":"wp","href":"https:\/\/api.w.org\/{rel}","templated":true}]}}