{"id":128908,"date":"2019-10-22T12:48:15","date_gmt":"2019-10-22T15:48:15","guid":{"rendered":"http:\/\/www.caririemacao.com\/1\/?p=128908"},"modified":"2019-10-22T12:48:15","modified_gmt":"2019-10-22T15:48:15","slug":"exclusivo-aluno-do-colegio-estadual-de-serra-branca-e-semifinalista-em-olimpiada-de-portugues","status":"publish","type":"post","link":"https:\/\/www.caririemacao.com\/1\/2019\/10\/22\/exclusivo-aluno-do-colegio-estadual-de-serra-branca-e-semifinalista-em-olimpiada-de-portugues\/","title":{"rendered":"Exclusivo: Aluno do Col\u00e9gio Estadual de Serra Branca \u00e9 semifinalista em Olimp\u00edada de Portugu\u00eas"},"content":{"rendered":"\n<p>A Olimp\u00edada da L\u00edngua Portuguesa Escrevendo o Futuro que chega a 6\u00aa edi\u00e7\u00e3o, tem como&nbsp; objetivo&nbsp; contribuir para a forma\u00e7\u00e3o de professores, visando \u00e0 melhoria do ensino da leitura e escrita nas escolas p\u00fablicas brasileiras. A primeira, realizada em 2008, alcan\u00e7ou 6 milh\u00f5es de alunos.<\/p>\n\n\n\n<p>E Iz\u00eanio de Souza Melo, aluno do 3\u00ba do Ensino M\u00e9dio da Escola Estadual Senador Jos\u00e9 Gaud\u00eancio, em Serra Branca, \u00e9 um dos semifinalistas na edi\u00e7\u00e3o 2019, da Olimp\u00edada. Ele viajar\u00e1 para S\u00e3o Paulo juntamente com sua professora de portugu\u00eas Socorro Albuquerque, para participarem das oficinas que ocorrer\u00e3o nos dias 17, 18 e 19 de Novembro.<\/p>\n\n\n\n<figure class=\"wp-block-image\"><a href=\"http:\/\/noticiasemdestaque.com\/cd\/wp-content\/uploads\/2019\/10\/02.jpg\"><img decoding=\"async\" data-src=\"http:\/\/noticiasemdestaque.com\/cd\/wp-content\/uploads\/2019\/10\/02-1024x565.jpg\" alt=\"\" class=\"wp-image-20341 lazyload\" src=\"data:image\/svg+xml;base64,PHN2ZyB3aWR0aD0iMSIgaGVpZ2h0PSIxIiB4bWxucz0iaHR0cDovL3d3dy53My5vcmcvMjAwMC9zdmciPjwvc3ZnPg==\" style=\"--smush-placeholder-width: 1024px; --smush-placeholder-aspect-ratio: 1024\/565;\" \/><\/a><figcaption>Aluno Iz\u00eanio de Souza e a Professora Socorro Albuquerque<\/figcaption><\/figure>\n\n\n\n<p>O aluno Iz\u00eanio de Souza Melo se inscreveu categoria Artigo de Opini\u00e3o com a tem\u00e1tica \u201cO lugar onde vivo.\u201d O t\u00edtulo da reda\u00e7\u00e3o dele foi \u201cVaquejada: Cultura ou tortura?\u201d Com a orienta\u00e7\u00e3o da Professora Socorro Albuquerque.<\/p>\n","protected":false},"excerpt":{"rendered":"<p>A Olimp\u00edada da L\u00edngua Portuguesa Escrevendo o Futuro que chega a 6\u00aa edi\u00e7\u00e3o, tem como&nbsp; objetivo&nbsp; contribuir para a forma\u00e7\u00e3o de professores, visando \u00e0 melhoria&hellip; <\/p>\n","protected":false},"author":1,"featured_media":128910,"comment_status":"closed","ping_status":"closed","sticky":false,"template":"","format":"standard","meta":{"sfsi_plus_gutenberg_text_before_share":"","sfsi_plus_gutenberg_show_text_before_share":"","sfsi_plus_gutenberg_icon_type":"","sfsi_plus_gutenberg_icon_alignemt":"","sfsi_plus_gutenburg_max_per_row":"","footnotes":""},"categories":[50,2],"tags":[],"class_list":["post-128908","post","type-post","status-publish","format-standard","has-post-thumbnail","hentry","category-destaque","category-geral"],"_links":{"self":[{"href":"https:\/\/www.caririemacao.com\/1\/wp-json\/wp\/v2\/posts\/128908","targetHints":{"allow":["GET"]}}],"collection":[{"href":"https:\/\/www.caririemacao.com\/1\/wp-json\/wp\/v2\/posts"}],"about":[{"href":"https:\/\/www.caririemacao.com\/1\/wp-json\/wp\/v2\/types\/post"}],"author":[{"embeddable":true,"href":"https:\/\/www.caririemacao.com\/1\/wp-json\/wp\/v2\/users\/1"}],"replies":[{"embeddable":true,"href":"https:\/\/www.caririemacao.com\/1\/wp-json\/wp\/v2\/comments?post=128908"}],"version-history":[{"count":1,"href":"https:\/\/www.caririemacao.com\/1\/wp-json\/wp\/v2\/posts\/128908\/revisions"}],"predecessor-version":[{"id":128911,"href":"https:\/\/www.caririemacao.com\/1\/wp-json\/wp\/v2\/posts\/128908\/revisions\/128911"}],"wp:featuredmedia":[{"embeddable":true,"href":"https:\/\/www.caririemacao.com\/1\/wp-json\/wp\/v2\/media\/128910"}],"wp:attachment":[{"href":"https:\/\/www.caririemacao.com\/1\/wp-json\/wp\/v2\/media?parent=128908"}],"wp:term":[{"taxonomy":"category","embeddable":true,"href":"https:\/\/www.caririemacao.com\/1\/wp-json\/wp\/v2\/categories?post=128908"},{"taxonomy":"post_tag","embeddable":true,"href":"https:\/\/www.caririemacao.com\/1\/wp-json\/wp\/v2\/tags?post=128908"}],"curies":[{"name":"wp","href":"https:\/\/api.w.org\/{rel}","templated":true}]}}