{"id":128917,"date":"2019-10-22T13:43:10","date_gmt":"2019-10-22T16:43:10","guid":{"rendered":"http:\/\/www.caririemacao.com\/1\/?p=128917"},"modified":"2019-10-22T13:43:10","modified_gmt":"2019-10-22T16:43:10","slug":"prefeitura-de-sume-altera-expediente-em-virtude-do-dia-do-servidor-municipal","status":"publish","type":"post","link":"https:\/\/www.caririemacao.com\/1\/2019\/10\/22\/prefeitura-de-sume-altera-expediente-em-virtude-do-dia-do-servidor-municipal\/","title":{"rendered":"Prefeitura de Sum\u00e9 altera expediente em virtude do Dia do Servidor Municipal"},"content":{"rendered":"\n<p>A Prefeitura de Sum\u00e9 comunica que nesta sexta-feira, 25\/10, n\u00e3o haver\u00e1 expediente nas suas reparti\u00e7\u00f5es em virtude do munic\u00edpio comemorar o Dia do Servidor P\u00fablico Municipal.<\/p>\n\n\n\n<p>O Estatuto dos Servidores do Munic\u00edpio de Sum\u00e9 celebra o Dia do Servidor sempre na \u00faltima sexta-feira do m\u00eas de outubro de cada ano.<\/p>\n","protected":false},"excerpt":{"rendered":"<p>A Prefeitura de Sum\u00e9 comunica que nesta sexta-feira, 25\/10, n\u00e3o haver\u00e1 expediente nas suas reparti\u00e7\u00f5es em virtude do munic\u00edpio comemorar o Dia do Servidor P\u00fablico&hellip; <\/p>\n","protected":false},"author":1,"featured_media":127198,"comment_status":"closed","ping_status":"closed","sticky":false,"template":"","format":"standard","meta":{"sfsi_plus_gutenberg_text_before_share":"","sfsi_plus_gutenberg_show_text_before_share":"","sfsi_plus_gutenberg_icon_type":"","sfsi_plus_gutenberg_icon_alignemt":"","sfsi_plus_gutenburg_max_per_row":"","footnotes":""},"categories":[2],"tags":[],"class_list":["post-128917","post","type-post","status-publish","format-standard","has-post-thumbnail","hentry","category-geral"],"_links":{"self":[{"href":"https:\/\/www.caririemacao.com\/1\/wp-json\/wp\/v2\/posts\/128917","targetHints":{"allow":["GET"]}}],"collection":[{"href":"https:\/\/www.caririemacao.com\/1\/wp-json\/wp\/v2\/posts"}],"about":[{"href":"https:\/\/www.caririemacao.com\/1\/wp-json\/wp\/v2\/types\/post"}],"author":[{"embeddable":true,"href":"https:\/\/www.caririemacao.com\/1\/wp-json\/wp\/v2\/users\/1"}],"replies":[{"embeddable":true,"href":"https:\/\/www.caririemacao.com\/1\/wp-json\/wp\/v2\/comments?post=128917"}],"version-history":[{"count":1,"href":"https:\/\/www.caririemacao.com\/1\/wp-json\/wp\/v2\/posts\/128917\/revisions"}],"predecessor-version":[{"id":128919,"href":"https:\/\/www.caririemacao.com\/1\/wp-json\/wp\/v2\/posts\/128917\/revisions\/128919"}],"wp:featuredmedia":[{"embeddable":true,"href":"https:\/\/www.caririemacao.com\/1\/wp-json\/wp\/v2\/media\/127198"}],"wp:attachment":[{"href":"https:\/\/www.caririemacao.com\/1\/wp-json\/wp\/v2\/media?parent=128917"}],"wp:term":[{"taxonomy":"category","embeddable":true,"href":"https:\/\/www.caririemacao.com\/1\/wp-json\/wp\/v2\/categories?post=128917"},{"taxonomy":"post_tag","embeddable":true,"href":"https:\/\/www.caririemacao.com\/1\/wp-json\/wp\/v2\/tags?post=128917"}],"curies":[{"name":"wp","href":"https:\/\/api.w.org\/{rel}","templated":true}]}}