{"id":128928,"date":"2019-10-22T13:52:00","date_gmt":"2019-10-22T16:52:00","guid":{"rendered":"http:\/\/www.caririemacao.com\/1\/?p=128928"},"modified":"2019-10-22T13:52:00","modified_gmt":"2019-10-22T16:52:00","slug":"julian-lemos-diz-que-bolsonaro-nao-tem-controle-sobre-os-filhos-que-causam-crises-no-governo","status":"publish","type":"post","link":"https:\/\/www.caririemacao.com\/1\/2019\/10\/22\/julian-lemos-diz-que-bolsonaro-nao-tem-controle-sobre-os-filhos-que-causam-crises-no-governo\/","title":{"rendered":"Julian Lemos diz que Bolsonaro n\u00e3o tem controle sobre os filhos, que causam crises no governo"},"content":{"rendered":"\n<p>O deputado federal paraibano Julian Lemos (PSL-PB) afirmou, em entrevista ao programa Os Pingos nos Is, da Jovem Pan, na manh\u00e3 dessa segunda-feira (21), que os filhos do presidente Jair Bolsonaro s\u00e3o os respons\u00e1veis por boa parte das crises no Governo. \u201cVoc\u00ea transformar amigos e aliados em inimigos merece um trof\u00e9u\u201d, ironizou o parlamentar.<\/p>\n\n\n\n<p>Julian Lemos disse ainda que \u00e9 \u201cmuita incompet\u00eancia pol\u00edtica\u201d Eduardo Bolsonaro precisar da influ\u00eancia do presidente para se tornar l\u00edder do partido na Casa. \u201cSe eu fosse filho do presidente e com quase 2 milh\u00f5es de votos, com a popularidade dele, eu precisaria que meu pai ligasse pra algu\u00e9m pra me fazer l\u00edder de partido? \u00c9 muita incompet\u00eancia pol\u00edtica. Pra ser l\u00edder tem que ser aclamado, n\u00e3o se pode impor isso a ningu\u00e9m\u201d.<\/p>\n\n\n\n<p>O deputado destacou que tem gratid\u00e3o a Eduardo e costumava respeit\u00e1-lo, mas agora n\u00e3o mais. Segundo ele, Eduardo Bolsonaro nunca tratou bem os parlamentares do partido e chegava a cham\u00e1-los de favelados.<\/p>\n\n\n\n<p>O parlamentar, que j\u00e1 foi alvo de Carlos Bolsonaro no Twitter, afirmou que sempre ser\u00e1 fiel ao presidente Jair Bolsonaro e que ambos s\u00e3o amigos desde os tempos de campanha pelo Nordeste do pa\u00eds. Na \u00e9poca, Carlos afirmou que Lemos nunca foi coordenador de campanha do presidente. \u201cJulian Lemos, a pessoa que tem se colocado como coordenador de Bolsonaro no Nordeste n\u00e3o \u00e9 e nunca foi! Detalhes creio que todos sabem!\u201d<\/p>\n\n\n\n<p>Julian Lemos classificou o epis\u00f3dio como \u201cci\u00fame de homem\u201d e contou que, ao sofrer o primeiro ataque de Carlos, procurou o presidente. \u201cEle me disse: &#8211; Julian, n\u00e3o responda. Eu n\u00e3o tenho controle\u201d.<\/p>\n","protected":false},"excerpt":{"rendered":"<p>O deputado federal paraibano Julian Lemos (PSL-PB) afirmou, em entrevista ao programa Os Pingos nos Is, da Jovem Pan, na manh\u00e3 dessa segunda-feira (21), que&hellip; <\/p>\n","protected":false},"author":1,"featured_media":128929,"comment_status":"closed","ping_status":"closed","sticky":false,"template":"","format":"standard","meta":{"sfsi_plus_gutenberg_text_before_share":"","sfsi_plus_gutenberg_show_text_before_share":"","sfsi_plus_gutenberg_icon_type":"","sfsi_plus_gutenberg_icon_alignemt":"","sfsi_plus_gutenburg_max_per_row":"","footnotes":""},"categories":[11],"tags":[],"class_list":["post-128928","post","type-post","status-publish","format-standard","has-post-thumbnail","hentry","category-politica"],"_links":{"self":[{"href":"https:\/\/www.caririemacao.com\/1\/wp-json\/wp\/v2\/posts\/128928","targetHints":{"allow":["GET"]}}],"collection":[{"href":"https:\/\/www.caririemacao.com\/1\/wp-json\/wp\/v2\/posts"}],"about":[{"href":"https:\/\/www.caririemacao.com\/1\/wp-json\/wp\/v2\/types\/post"}],"author":[{"embeddable":true,"href":"https:\/\/www.caririemacao.com\/1\/wp-json\/wp\/v2\/users\/1"}],"replies":[{"embeddable":true,"href":"https:\/\/www.caririemacao.com\/1\/wp-json\/wp\/v2\/comments?post=128928"}],"version-history":[{"count":1,"href":"https:\/\/www.caririemacao.com\/1\/wp-json\/wp\/v2\/posts\/128928\/revisions"}],"predecessor-version":[{"id":128930,"href":"https:\/\/www.caririemacao.com\/1\/wp-json\/wp\/v2\/posts\/128928\/revisions\/128930"}],"wp:featuredmedia":[{"embeddable":true,"href":"https:\/\/www.caririemacao.com\/1\/wp-json\/wp\/v2\/media\/128929"}],"wp:attachment":[{"href":"https:\/\/www.caririemacao.com\/1\/wp-json\/wp\/v2\/media?parent=128928"}],"wp:term":[{"taxonomy":"category","embeddable":true,"href":"https:\/\/www.caririemacao.com\/1\/wp-json\/wp\/v2\/categories?post=128928"},{"taxonomy":"post_tag","embeddable":true,"href":"https:\/\/www.caririemacao.com\/1\/wp-json\/wp\/v2\/tags?post=128928"}],"curies":[{"name":"wp","href":"https:\/\/api.w.org\/{rel}","templated":true}]}}