{"id":128941,"date":"2019-10-22T15:18:16","date_gmt":"2019-10-22T18:18:16","guid":{"rendered":"http:\/\/www.caririemacao.com\/1\/?p=128941"},"modified":"2019-10-22T15:18:16","modified_gmt":"2019-10-22T18:18:16","slug":"numero-de-suicidios-entre-jovens-cresce-pelo-10o-ano-consecutivo","status":"publish","type":"post","link":"https:\/\/www.caririemacao.com\/1\/2019\/10\/22\/numero-de-suicidios-entre-jovens-cresce-pelo-10o-ano-consecutivo\/","title":{"rendered":"N\u00famero de suic\u00eddios entre jovens cresce pelo 10\u00ba ano consecutivo"},"content":{"rendered":"\n<p><br>Ataxa de suic\u00eddios entre crian\u00e7as e jovens, de faixa et\u00e1ria que vai dos 10 aos 24 anos, cresceu pelo 10\u00b0 ano consecutivo.<\/p>\n\n\n\n<p>Em entrevista \u00e0 r\u00e1dio Correio FM, o psic\u00f3logo Luan Glauber falou sobre qu\u00e3o preocupante s\u00e3o os dados recentemente divulgados.<\/p>\n\n\n\n<p>De acordo com o psic\u00f3logo, os profissionais buscam n\u00e3o estabelecer uma \u201cresposta\u201d, que venha a ser usada como justificativa para os dados.<\/p>\n\n\n\n<p>\u2013 Buscamos n\u00e3o dar uma resposta imediata, muito menos determinista. Quando analisamos um fato como esse, que \u00e9 um fato n\u00e3o somente social, mas com implica\u00e7\u00f5es acerca da psiqu\u00ea, a gente tem que avaliar de uma maneira geral como sendo muito vari\u00e1vel \u2013 explicou.<\/p>\n\n\n\n<figure class=\"wp-block-image\"><img decoding=\"async\" data-src=\"https:\/\/paraibaonline.com.br\/wp-content\/uploads\/2019\/10\/suicidio2210.jpg\" alt=\"Foto ilustrativa: Reprodu\u00e7\u00e3o\" class=\"wp-image-814299 lazyload\" src=\"data:image\/svg+xml;base64,PHN2ZyB3aWR0aD0iMSIgaGVpZ2h0PSIxIiB4bWxucz0iaHR0cDovL3d3dy53My5vcmcvMjAwMC9zdmciPjwvc3ZnPg==\" \/><\/figure>\n\n\n\n<p>Foto ilustrativa: Reprodu\u00e7\u00e3o<\/p>\n\n\n\n<p>Segundo Luan, o crescimento do n\u00famero de suic\u00eddios entre os jovens est\u00e1 ligado a uma s\u00e9rie de fatores.<\/p>\n\n\n\n<p>\u2013 Esse n\u00famero tem liga\u00e7\u00e3o com uma s\u00e9rie de elementos, mas, apesar disso, ainda nos traz um \u00fanico indicativo: que a nossa sociedade pede socorro \u2013 ponderou.<\/p>\n\n\n\n<p>Luan tamb\u00e9m reafirmou que esses n\u00fameros n\u00e3o servem somente para assuntar a sociedade, mas, principalmente, para alertar.<\/p>\n\n\n\n<p>\u2013 Quando avaliamos o perfil das pessoas que cometiam suic\u00eddio antigamente, podemos ver que eram pessoas mais velhas, geralmente, ou que estavam passando por certas situa\u00e7\u00f5es. N\u00e3o podemos ser negligentes determinando que a resposta para a quantidade de suic\u00eddios \u00e9 essa ou aquela, mas precisamos sim dizer que \u00e9 um pedido de socorro de uma sociedade doente \u2013 concluiu.<\/p>\n","protected":false},"excerpt":{"rendered":"<p>Ataxa de suic\u00eddios entre crian\u00e7as e jovens, de faixa et\u00e1ria que vai dos 10 aos 24 anos, cresceu pelo 10\u00b0 ano consecutivo. Em entrevista \u00e0&hellip; <\/p>\n","protected":false},"author":1,"featured_media":128942,"comment_status":"closed","ping_status":"closed","sticky":false,"template":"","format":"standard","meta":{"sfsi_plus_gutenberg_text_before_share":"","sfsi_plus_gutenberg_show_text_before_share":"","sfsi_plus_gutenberg_icon_type":"","sfsi_plus_gutenberg_icon_alignemt":"","sfsi_plus_gutenburg_max_per_row":"","footnotes":""},"categories":[50,16],"tags":[],"class_list":["post-128941","post","type-post","status-publish","format-standard","has-post-thumbnail","hentry","category-destaque","category-saude"],"_links":{"self":[{"href":"https:\/\/www.caririemacao.com\/1\/wp-json\/wp\/v2\/posts\/128941","targetHints":{"allow":["GET"]}}],"collection":[{"href":"https:\/\/www.caririemacao.com\/1\/wp-json\/wp\/v2\/posts"}],"about":[{"href":"https:\/\/www.caririemacao.com\/1\/wp-json\/wp\/v2\/types\/post"}],"author":[{"embeddable":true,"href":"https:\/\/www.caririemacao.com\/1\/wp-json\/wp\/v2\/users\/1"}],"replies":[{"embeddable":true,"href":"https:\/\/www.caririemacao.com\/1\/wp-json\/wp\/v2\/comments?post=128941"}],"version-history":[{"count":1,"href":"https:\/\/www.caririemacao.com\/1\/wp-json\/wp\/v2\/posts\/128941\/revisions"}],"predecessor-version":[{"id":128943,"href":"https:\/\/www.caririemacao.com\/1\/wp-json\/wp\/v2\/posts\/128941\/revisions\/128943"}],"wp:featuredmedia":[{"embeddable":true,"href":"https:\/\/www.caririemacao.com\/1\/wp-json\/wp\/v2\/media\/128942"}],"wp:attachment":[{"href":"https:\/\/www.caririemacao.com\/1\/wp-json\/wp\/v2\/media?parent=128941"}],"wp:term":[{"taxonomy":"category","embeddable":true,"href":"https:\/\/www.caririemacao.com\/1\/wp-json\/wp\/v2\/categories?post=128941"},{"taxonomy":"post_tag","embeddable":true,"href":"https:\/\/www.caririemacao.com\/1\/wp-json\/wp\/v2\/tags?post=128941"}],"curies":[{"name":"wp","href":"https:\/\/api.w.org\/{rel}","templated":true}]}}