{"id":12895,"date":"2017-02-02T10:07:25","date_gmt":"2017-02-02T13:07:25","guid":{"rendered":"http:\/\/caririemacao.com\/1\/?p=12895"},"modified":"2017-02-02T10:07:25","modified_gmt":"2017-02-02T13:07:25","slug":"dona-marisa-fica-sem-fluxo-cerebral-e-familia-autoriza-doar-orgaos","status":"publish","type":"post","link":"https:\/\/www.caririemacao.com\/1\/2017\/02\/02\/dona-marisa-fica-sem-fluxo-cerebral-e-familia-autoriza-doar-orgaos\/","title":{"rendered":"Dona Marisa fica sem fluxo cerebral, e fam\u00edlia autoriza doar \u00f3rg\u00e3os"},"content":{"rendered":"<p>O Hospital S\u00edrio-Liban\u00eas divulgou boletim m\u00e9dico nesta quinta-feira (2) no qual informa que Dona Marisa Let\u00edcia, 66 anos, mulher do ex-presidente da Rep\u00fablica Luiz In\u00e1cio Lula da Silva ficou sem fluxo cerebral. A fam\u00edlia j\u00e1 autorizou a doa\u00e7\u00e3o de \u00f3rg\u00e3os, segundo um post publicado na p\u00e1gina do Facebook do ex-presidente Lula.<\/p>\n<p>&#8220;A fam\u00edlia Lula da Silva agradece todas as manifesta\u00e7\u00f5es de carinho e solidariedade recebidas nesses \u00faltimos 10 dias pela recupera\u00e7\u00e3o da ex-primeira-dama Dona Marisa Let\u00edcia Lula da Silva. A fam\u00edlia autorizou os procedimentos preparativos para a doa\u00e7\u00e3o dos \u00f3rg\u00e3os&#8221;, diz o post.<\/p>\n<p>O boletim informa que um doppler transcraniano realizado na manh\u00e3 desta quinta identificou a aus\u00eancia de fluxo cerebral (leia boletim m\u00e9dico completo abaixo).<\/p>\n<p><a href=\"http:\/\/caririemacao.com\/1\/wp-content\/uploads\/2017\/02\/face-lula.jpg\"><img fetchpriority=\"high\" decoding=\"async\" class=\"aligncenter wp-image-12900 size-full\" src=\"http:\/\/caririemacao.com\/1\/wp-content\/uploads\/2017\/02\/face-lula.jpg\" alt=\"face-lula\" width=\"1000\" height=\"479\" srcset=\"https:\/\/www.caririemacao.com\/1\/wp-content\/uploads\/2017\/02\/face-lula.jpg 1000w, https:\/\/www.caririemacao.com\/1\/wp-content\/uploads\/2017\/02\/face-lula-300x144.jpg 300w, https:\/\/www.caririemacao.com\/1\/wp-content\/uploads\/2017\/02\/face-lula-768x368.jpg 768w\" sizes=\"(max-width: 1000px) 100vw, 1000px\" \/><\/a><\/p>\n<p style=\"text-align: center;\"><strong><em>Post no Facebook do ex-presidente Lula sobre o estado de Dona Marisa (Foto: Facebook\/Reprodu\u00e7\u00e3o)<\/em><\/strong><\/p>\n<p>A mulher do ex-presidente Lula foi internada desde o dia 24 de janeiro depois de ter sofrido um acidente vascular cerebral hemorr\u00e1gico provocado pelo rompimento de um aneurisma.<\/p>\n<p>Quando foi internada, dona Marisa passou por um procedimento de emerg\u00eancia que durou cerca de duas horas para conter a hemorragia no c\u00e9rebro. Os m\u00e9dicos fizeram uma arteriografia cerebral para localizar a les\u00e3o e depois introduziram um cateter at\u00e9 a regi\u00e3o afetada para estancar o sangramento.<\/p>\n<p><strong>Boletim m\u00e9dico confirma que n\u00e3o h\u00e1 fluxo cerebral em Dona Marisa Let\u00edcia<\/strong><\/p>\n<p>Na quarta-feira (25), Marisa Let\u00edcia teve de passar por outro procedimento cir\u00fargico. Desta vez, para a &#8220;passagem de um cateter ventricular para monitora\u00e7\u00e3o da press\u00e3o intracraniana&#8221;, como informou o hospital. A decis\u00e3o dos m\u00e9dicos ocorreu ap\u00f3s &#8220;avalia\u00e7\u00e3o tomogr\u00e1fica de cr\u00e2nio para controle de sangramento cerebral.<\/p>\n<p>Na sexta-feira (27), Dona Marisa passou por uma tomografia para verificar se tinha ocorrido melhora na infec\u00e7\u00e3o que havia se formado em seu c\u00e9rebro. Ela foi acomodada em uma cama t\u00e9rmica. Com o aux\u00edlio dela, os m\u00e9dicos conseguiram baixar a temperatura do corpo, que normalmente fica perto dos 35\u00b0C, para at\u00e9 25\u00b0C. O objetivo era diminuir o metabolismo e, junto com ele, a atividade cerebral, para que o c\u00e9rebro conseguisse absorver de forma mais r\u00e1pida o excesso de sangue acumulado na caixa craniana.<\/p>\n<p>Um exame realizado na segunda-feira (30) detectou a presen\u00e7a de trombose venosa profunda nas veias das pernas. Os m\u00e9dicos realizaram a passagem de um filtro de veia cava inferior para prevenir a ocorr\u00eancia de embolia pulmonar.<\/p>\n<p>Na ter\u00e7a (31), os m\u00e9dicos tiraram a seda\u00e7\u00e3o. Na quarta (1\u00ba), ela teve uma piora no seu quadro cl\u00ednico no in\u00edcio da noite e voltou a ser sedada. A press\u00e3o intracraniana e a inflama\u00e7\u00e3o no c\u00e9rebro tinham aumentado.<\/p>\n<p>Veja a \u00edntegra abaixo da nota divulgada \u00e0s 9h25 pelo Hospital S\u00edrio-Liban\u00eas e assinada pelos m\u00e9dicos Antonio Antonietto, diretor de governan\u00e7a cl\u00ednica, e Miguel Srougi, diretor-cl\u00ednico:<\/p>\n<p><strong><em>&#8220;A paciente Marisa Let\u00edcia Lula da Silva permanece inalterada na UTI do Hospital S\u00edrio-Liban\u00eas. Na manh\u00e3 de hoje, foi realizado Doppler transcraniano, sendo identificada aus\u00eancia de fluxo cerebral.<\/em><\/strong><\/p>\n<p><strong><em>Diante do resultado, com autoriza\u00e7\u00e3o da fam\u00edlia, foram iniciados procedimentos para doa\u00e7\u00e3o de \u00f3rg\u00e3os.<\/em><\/strong><\/p>\n<p><strong>As equipes que a acompanham s\u00e3o:<\/strong><\/p>\n<p>Coordena\u00e7\u00e3o \u2013 Professor. Dr. Roberto Kalil Filho<\/p>\n<p>Neurologia Cl\u00ednica \u2013 Professor Dr. Milberto Scaff<\/p>\n<p>Neurocirurgia \u2013 Dr. Marcos St\u00e1vale<\/p>\n<p>Neurorradiologia \u2013 Dr. Jos\u00e9 Guilherme Pereira Caldas&#8221;<\/p>\n<p><strong>CARIRI EM A\u00c7\u00c3O<\/strong><\/p>\n<p><strong>Leia mais not\u00edcias em\u00a0<a style=\"font-style: inherit; font-weight: inherit;\" href=\"http:\/\/caririemacao.com\/\">caririemacao.com<\/a>, siga nossa p\u00e1gina no\u00a0<a style=\"font-style: inherit; font-weight: inherit;\" href=\"https:\/\/www.facebook.com\/ads\/growth\/aymt\/homepage\/panel\/redirect\/?data=%7B%22ad_account_ids%22%3A%5B410861159029450%5D%2C%22object_ids%22%3A%5B302749469861083%2C534983029888737%5D%2C%22campaign_ids%22%3A%5B%5D%2C%22selected_ad_account_id%22%3A410861159029450%2C%22selected_object_id%22%3A302749469861083%2C%22selected_time_range%22%3A%22%22%2C%22is_panel_collapsed%22%3A0%2C%22is_advertiser_valid%22%3A0%2C%22section%22%3A%22Object+Section%22%2C%22clicked_target%22%3A%22Selected+Object%22%2C%22event%22%3A%22click%22%7D&amp;redirect_url=https%3A%2F%2Fwww.facebook.com%2FCaririEmAcao%2F%3Fref%3Daymt_homepage_panel\">Facebook\u00a0<\/a>e veja nossas mat\u00e9rias e fotos. Voc\u00ea tamb\u00e9m pode enviar informa\u00e7\u00f5es \u00e0 Reda\u00e7\u00e3o do Portal Cariri em A\u00e7\u00e3o pelo WhatsApp (83) 9 9634.5791, (83) 9 9601-1162 ou (83) 9 99418939.<\/strong><\/p>\n","protected":false},"excerpt":{"rendered":"<p>O Hospital S\u00edrio-Liban\u00eas divulgou boletim m\u00e9dico nesta quinta-feira (2) no qual informa que Dona Marisa Let\u00edcia, 66 anos, mulher do ex-presidente da Rep\u00fablica Luiz In\u00e1cio&hellip; <\/p>\n","protected":false},"author":2,"featured_media":12898,"comment_status":"closed","ping_status":"closed","sticky":false,"template":"","format":"standard","meta":{"sfsi_plus_gutenberg_text_before_share":"","sfsi_plus_gutenberg_show_text_before_share":"","sfsi_plus_gutenberg_icon_type":"","sfsi_plus_gutenberg_icon_alignemt":"","sfsi_plus_gutenburg_max_per_row":"","footnotes":""},"categories":[2],"tags":[],"class_list":["post-12895","post","type-post","status-publish","format-standard","has-post-thumbnail","hentry","category-geral"],"_links":{"self":[{"href":"https:\/\/www.caririemacao.com\/1\/wp-json\/wp\/v2\/posts\/12895","targetHints":{"allow":["GET"]}}],"collection":[{"href":"https:\/\/www.caririemacao.com\/1\/wp-json\/wp\/v2\/posts"}],"about":[{"href":"https:\/\/www.caririemacao.com\/1\/wp-json\/wp\/v2\/types\/post"}],"author":[{"embeddable":true,"href":"https:\/\/www.caririemacao.com\/1\/wp-json\/wp\/v2\/users\/2"}],"replies":[{"embeddable":true,"href":"https:\/\/www.caririemacao.com\/1\/wp-json\/wp\/v2\/comments?post=12895"}],"version-history":[{"count":0,"href":"https:\/\/www.caririemacao.com\/1\/wp-json\/wp\/v2\/posts\/12895\/revisions"}],"wp:featuredmedia":[{"embeddable":true,"href":"https:\/\/www.caririemacao.com\/1\/wp-json\/wp\/v2\/media\/12898"}],"wp:attachment":[{"href":"https:\/\/www.caririemacao.com\/1\/wp-json\/wp\/v2\/media?parent=12895"}],"wp:term":[{"taxonomy":"category","embeddable":true,"href":"https:\/\/www.caririemacao.com\/1\/wp-json\/wp\/v2\/categories?post=12895"},{"taxonomy":"post_tag","embeddable":true,"href":"https:\/\/www.caririemacao.com\/1\/wp-json\/wp\/v2\/tags?post=12895"}],"curies":[{"name":"wp","href":"https:\/\/api.w.org\/{rel}","templated":true}]}}