{"id":128957,"date":"2019-10-22T18:38:33","date_gmt":"2019-10-22T21:38:33","guid":{"rendered":"http:\/\/www.caririemacao.com\/1\/?p=128957"},"modified":"2019-10-22T18:38:33","modified_gmt":"2019-10-22T21:38:33","slug":"prefeitura-de-amparo-firma-parceria-com-energisa-que-ira-beneficiar-familias-de-baixa-renda-no-municipio","status":"publish","type":"post","link":"https:\/\/www.caririemacao.com\/1\/2019\/10\/22\/prefeitura-de-amparo-firma-parceria-com-energisa-que-ira-beneficiar-familias-de-baixa-renda-no-municipio\/","title":{"rendered":"Prefeitura de Amparo firma parceria com Energisa que ir\u00e1 beneficiar Fam\u00edlias de Baixa Renda no Munic\u00edpio"},"content":{"rendered":"\n<figure class=\"wp-block-image\"><a href=\"https:\/\/1.bp.blogspot.com\/-mku41tvOEIk\/Xa9df3Qs0TI\/AAAAAAABEwo\/19b3tDsv9OEnX8rFJkkdP_YauhWOW8f6wCLcBGAsYHQ\/s1600\/PROGRAMA%2BCONTA%2BCOMIGO%2B-%2BAMPARO-PB%2B%25287%2529.jpeg\"><img decoding=\"async\" data-src=\"https:\/\/1.bp.blogspot.com\/-mku41tvOEIk\/Xa9df3Qs0TI\/AAAAAAABEwo\/19b3tDsv9OEnX8rFJkkdP_YauhWOW8f6wCLcBGAsYHQ\/s640\/PROGRAMA%2BCONTA%2BCOMIGO%2B-%2BAMPARO-PB%2B%25287%2529.jpeg\" alt=\"\" src=\"data:image\/svg+xml;base64,PHN2ZyB3aWR0aD0iMSIgaGVpZ2h0PSIxIiB4bWxucz0iaHR0cDovL3d3dy53My5vcmcvMjAwMC9zdmciPjwvc3ZnPg==\" class=\"lazyload\" \/><\/a><\/figure>\n\n\n\n<p>A Prefeitura Municipal de Amparo, por meio da Secretaria de Assist\u00eancia Social firmou uma parceria com a Energisa para a implanta\u00e7\u00e3o do programa \u201cConta Comigo\u201d, que ir\u00e1 conceder aos consumidores o benef\u00edcio da Tarifa Social de Energia El\u00e9trica (TSEE).<br>A T\u00e9cnica do Programa Maria Francislaine esteve visitando o munic\u00edpio para uma reuni\u00e3o junto ao Prefeito In\u00e1cio, a Secret\u00e1ria de Assist\u00eancia Social Cleide N\u00f3brega e os t\u00e9cnicos do Programa Bolsa Fam\u00edlia em Amparo para fazer os devidos esclarecimentos sobre o programa.<br><\/p>\n\n\n\n<figure class=\"wp-block-image\"><a href=\"https:\/\/1.bp.blogspot.com\/-UXb4BPOcrpo\/Xa9dkJf6t8I\/AAAAAAABEws\/nOc68IyuRrcLpNYDtkeiX6G3dPgkup6EQCLcBGAsYHQ\/s1600\/PROGRAMA%2BCONTA%2BCOMIGO%2B-%2BAMPARO-PB%2B%25288%2529.jpeg\"><img decoding=\"async\" data-src=\"https:\/\/1.bp.blogspot.com\/-UXb4BPOcrpo\/Xa9dkJf6t8I\/AAAAAAABEws\/nOc68IyuRrcLpNYDtkeiX6G3dPgkup6EQCLcBGAsYHQ\/s640\/PROGRAMA%2BCONTA%2BCOMIGO%2B-%2BAMPARO-PB%2B%25288%2529.jpeg\" alt=\"\" src=\"data:image\/svg+xml;base64,PHN2ZyB3aWR0aD0iMSIgaGVpZ2h0PSIxIiB4bWxucz0iaHR0cDovL3d3dy53My5vcmcvMjAwMC9zdmciPjwvc3ZnPg==\" class=\"lazyload\" \/><\/a><\/figure>\n\n\n\n<p>O programa oferece aos clientes descontos que variam de acordo com a faixa de consumo podendo chegar a 65% de abatimento na conta de energia el\u00e9trica.<br>O projeto funciona da seguinte forma: o consumidor deve comparecer \u00e0 Secretaria de Assist\u00eancia Social e solicitar o benef\u00edcio da TSEE em sua conta de energia, mediante apresenta\u00e7\u00e3o de documentos que comprovem renda familiar mensal, por pessoa, menor ou igual a meio sal\u00e1rio m\u00ednimo nacional; ou renda mensal de at\u00e9 tr\u00eas sal\u00e1rios m\u00ednimos, com pessoa portadora de doen\u00e7a ou patologia em que o tratamento ou procedimento m\u00e9dico exija o uso continuado de equipamentos que funcionam com energia el\u00e9trica.<br>Tamb\u00e9m podem usufruir pessoas que desfrutam do Benef\u00edcio da Presta\u00e7\u00e3o Continuada da Assist\u00eancia Social (BPC), do Instituto Nacional de Seguro Social (INSS), e fam\u00edlias ind\u00edgenas ou quilombolas. Em seguida a prefeitura, de posse de todas as informa\u00e7\u00f5es do benefici\u00e1rio, encaminha para a Energisa a solicita\u00e7\u00e3o de inclus\u00e3o na Tarifa Social, garantindo assim que o cliente seja beneficiado.<br><\/p>\n\n\n\n<figure class=\"wp-block-image\"><a href=\"https:\/\/1.bp.blogspot.com\/-EsUlG6Yk-lY\/Xa9dpFZ2sCI\/AAAAAAABEww\/TOG_VVF_GDISfqUkKeTeVqLOF4DGRgQ7QCLcBGAsYHQ\/s1600\/PROGRAMA%2BCONTA%2BCOMIGO%2B-%2BAMPARO-PB%2B%25286%2529.jpeg\"><img decoding=\"async\" data-src=\"https:\/\/1.bp.blogspot.com\/-EsUlG6Yk-lY\/Xa9dpFZ2sCI\/AAAAAAABEww\/TOG_VVF_GDISfqUkKeTeVqLOF4DGRgQ7QCLcBGAsYHQ\/s640\/PROGRAMA%2BCONTA%2BCOMIGO%2B-%2BAMPARO-PB%2B%25286%2529.jpeg\" alt=\"\" src=\"data:image\/svg+xml;base64,PHN2ZyB3aWR0aD0iMSIgaGVpZ2h0PSIxIiB4bWxucz0iaHR0cDovL3d3dy53My5vcmcvMjAwMC9zdmciPjwvc3ZnPg==\" class=\"lazyload\" \/><\/a><\/figure>\n\n\n\n<p>Segundo o Prefeito In\u00e1cio N\u00f3brega, a finalidade \u00e9 conceder o benef\u00edcio da Tarifa Social para os benefici\u00e1rios inscritos no Cadastro \u00danico para os Programas Sociais do Governo Federal ou no Benef\u00edcio de Presta\u00e7\u00e3o Continuada &#8211; BPC, que atendam aos crit\u00e9rios de elegibilidade para concess\u00e3o da TSEE &#8211; Tarifa Social de Energia El\u00e9trica. A Coleta de dados acontecer\u00e1 na Secret\u00e1ria de Assist\u00eancia Social, pela t\u00e9cnica do Bolsa Fam\u00edlia e enviado para Energisa, a qual far\u00e1 a analise dos dados, que se enquadrando no Programa ter\u00e1 o beneficio aprovado pela Empresa. O&nbsp;Munic\u00edpio&nbsp;\u00e9 respons\u00e1vel apenas pela coleta de dados, a fase de aprova\u00e7\u00e3o \u00e9 feita diretamente pela Energisa.<br><\/p>\n\n\n\n<figure class=\"wp-block-image\"><a href=\"https:\/\/1.bp.blogspot.com\/-1ELHDsgeffI\/Xa9d3mYDm8I\/AAAAAAABEw8\/UHYBN6WBZnMauTifk2um47o6aeKHlBE4gCLcBGAsYHQ\/s1600\/PROJETO%2BCONTE%2BCOMIGO.jpg\"><img decoding=\"async\" data-src=\"https:\/\/1.bp.blogspot.com\/-1ELHDsgeffI\/Xa9d3mYDm8I\/AAAAAAABEw8\/UHYBN6WBZnMauTifk2um47o6aeKHlBE4gCLcBGAsYHQ\/s640\/PROJETO%2BCONTE%2BCOMIGO.jpg\" alt=\"\" src=\"data:image\/svg+xml;base64,PHN2ZyB3aWR0aD0iMSIgaGVpZ2h0PSIxIiB4bWxucz0iaHR0cDovL3d3dy53My5vcmcvMjAwMC9zdmciPjwvc3ZnPg==\" class=\"lazyload\" \/><\/a><\/figure>\n\n\n\n<figure class=\"wp-block-image\"><a href=\"https:\/\/1.bp.blogspot.com\/-Ez9ztFNo45U\/Xa9eCqWHDvI\/AAAAAAABExQ\/L08qgKEzl40907-2cDfvTkB-P4R3K7GvgCLcBGAsYHQ\/s1600\/PROGRAMA%2BCONTA%2BCOMIGO%2B-%2BAMPARO-PB%2B%25285%2529.jpeg\"><img decoding=\"async\" data-src=\"https:\/\/1.bp.blogspot.com\/-Ez9ztFNo45U\/Xa9eCqWHDvI\/AAAAAAABExQ\/L08qgKEzl40907-2cDfvTkB-P4R3K7GvgCLcBGAsYHQ\/s640\/PROGRAMA%2BCONTA%2BCOMIGO%2B-%2BAMPARO-PB%2B%25285%2529.jpeg\" alt=\"\" src=\"data:image\/svg+xml;base64,PHN2ZyB3aWR0aD0iMSIgaGVpZ2h0PSIxIiB4bWxucz0iaHR0cDovL3d3dy53My5vcmcvMjAwMC9zdmciPjwvc3ZnPg==\" class=\"lazyload\" \/><\/a><\/figure>\n","protected":false},"excerpt":{"rendered":"<p>A Prefeitura Municipal de Amparo, por meio da Secretaria de Assist\u00eancia Social firmou uma parceria com a Energisa para a implanta\u00e7\u00e3o do programa \u201cConta Comigo\u201d,&hellip; <\/p>\n","protected":false},"author":1,"featured_media":128960,"comment_status":"closed","ping_status":"closed","sticky":false,"template":"","format":"standard","meta":{"sfsi_plus_gutenberg_text_before_share":"","sfsi_plus_gutenberg_show_text_before_share":"","sfsi_plus_gutenberg_icon_type":"","sfsi_plus_gutenberg_icon_alignemt":"","sfsi_plus_gutenburg_max_per_row":"","footnotes":""},"categories":[2],"tags":[],"class_list":["post-128957","post","type-post","status-publish","format-standard","has-post-thumbnail","hentry","category-geral"],"_links":{"self":[{"href":"https:\/\/www.caririemacao.com\/1\/wp-json\/wp\/v2\/posts\/128957","targetHints":{"allow":["GET"]}}],"collection":[{"href":"https:\/\/www.caririemacao.com\/1\/wp-json\/wp\/v2\/posts"}],"about":[{"href":"https:\/\/www.caririemacao.com\/1\/wp-json\/wp\/v2\/types\/post"}],"author":[{"embeddable":true,"href":"https:\/\/www.caririemacao.com\/1\/wp-json\/wp\/v2\/users\/1"}],"replies":[{"embeddable":true,"href":"https:\/\/www.caririemacao.com\/1\/wp-json\/wp\/v2\/comments?post=128957"}],"version-history":[{"count":1,"href":"https:\/\/www.caririemacao.com\/1\/wp-json\/wp\/v2\/posts\/128957\/revisions"}],"predecessor-version":[{"id":128961,"href":"https:\/\/www.caririemacao.com\/1\/wp-json\/wp\/v2\/posts\/128957\/revisions\/128961"}],"wp:featuredmedia":[{"embeddable":true,"href":"https:\/\/www.caririemacao.com\/1\/wp-json\/wp\/v2\/media\/128960"}],"wp:attachment":[{"href":"https:\/\/www.caririemacao.com\/1\/wp-json\/wp\/v2\/media?parent=128957"}],"wp:term":[{"taxonomy":"category","embeddable":true,"href":"https:\/\/www.caririemacao.com\/1\/wp-json\/wp\/v2\/categories?post=128957"},{"taxonomy":"post_tag","embeddable":true,"href":"https:\/\/www.caririemacao.com\/1\/wp-json\/wp\/v2\/tags?post=128957"}],"curies":[{"name":"wp","href":"https:\/\/api.w.org\/{rel}","templated":true}]}}