{"id":128967,"date":"2019-10-23T07:00:46","date_gmt":"2019-10-23T10:00:46","guid":{"rendered":"http:\/\/www.caririemacao.com\/1\/?p=128967"},"modified":"2019-10-23T07:00:46","modified_gmt":"2019-10-23T10:00:46","slug":"camara-de-sume-se-reune-e-discute-varios-temas-de-interesse-da-populacao","status":"publish","type":"post","link":"https:\/\/www.caririemacao.com\/1\/2019\/10\/23\/camara-de-sume-se-reune-e-discute-varios-temas-de-interesse-da-populacao\/","title":{"rendered":"C\u00e2mara de Sum\u00e9 se re\u00fane e discute v\u00e1rios temas de interesse da popula\u00e7\u00e3o"},"content":{"rendered":"\n<p>A C\u00e2mara Municipal de Sum\u00e9 esteve reunida na noite desta\nter\u00e7a-feira, dia 22, aprovando requerimentos e projetos de interesse da\npopula\u00e7\u00e3o sumeense.<\/p>\n\n\n\n<p>Os vereadores aprovaram que a desafeta\u00e7\u00e3o do pr\u00e9dio da Escola\nIrineu Severo que agora ser\u00e1 utilizada para a constru\u00e7\u00e3o da sede da Secretaria\nde Sa\u00fade de Sa\u00fade, onde vai funcionar diversos servi\u00e7os e atendimentos ao p\u00fablico,\ncom acessibilidade para o cidad\u00e3o. Neste projeto, o \u00fanico vereador que n\u00e3o\nvotou foi o vereador Juan Pereira.<\/p>\n\n\n\n<p>Juan Pereira teve seu projeto aprovado que reconhece o\nrodeio, a vaquejada e o la\u00e7o, bem como as respectivas express\u00f5es art\u00edsticas e\nesportivas, como manifesta\u00e7\u00f5es culturais municipais, elevando essas atividades\na condi\u00e7\u00e3o de bens de natureza &#8216;material integrantes do patrim\u00f4nio cultural do\nmunic\u00edpio.<\/p>\n\n\n\n<p>Os vereadores tamb\u00e9m aprovaram o PL do Poder Executivo que cria, no \u00e2mbito do Poder Executivo do Munic\u00edpio de Sum\u00e9, o Programa de Educa\u00e7\u00e3o Integral, que tem por objetivo o desenvolvimento de pol\u00edticas direcionadas \u00e0 melhoria da qualidade do Ensino Fundamental e \u00e0 qualifica\u00e7\u00e3o profissional dos estudantes da Rede de Ensino do Munic\u00edpio. <\/p>\n\n\n\n<figure class=\"wp-block-image\"><img fetchpriority=\"high\" decoding=\"async\" width=\"802\" height=\"1024\" src=\"http:\/\/www.caririemacao.com\/1\/wp-content\/uploads\/2019\/10\/WhatsApp-Image-2019-10-22-at-20.55.18-802x1024.jpeg\" alt=\"\" class=\"wp-image-128969\" srcset=\"https:\/\/www.caririemacao.com\/1\/wp-content\/uploads\/2019\/10\/WhatsApp-Image-2019-10-22-at-20.55.18-802x1024.jpeg 802w, https:\/\/www.caririemacao.com\/1\/wp-content\/uploads\/2019\/10\/WhatsApp-Image-2019-10-22-at-20.55.18-235x300.jpeg 235w, https:\/\/www.caririemacao.com\/1\/wp-content\/uploads\/2019\/10\/WhatsApp-Image-2019-10-22-at-20.55.18-768x981.jpeg 768w, https:\/\/www.caririemacao.com\/1\/wp-content\/uploads\/2019\/10\/WhatsApp-Image-2019-10-22-at-20.55.18.jpeg 1002w\" sizes=\"(max-width: 802px) 100vw, 802px\" \/><\/figure>\n\n\n\n<p>O secret\u00e1rio Odilon Ara\u00fajo esteve na tribuna e defendeu o\nprojeto dizendo que o Programa de Educa\u00e7\u00e3o Integral ser\u00e1 Implantado e\ndesenvolvido em regime Integral, inicialmente nas Unidades Municipais de Ensino\n&#8220;Maria Leite Rafael&#8221; e &#8216;Padre Paulo Roberto de Oliveira&#8221;. \u201cO\nPrograma de Educa\u00e7\u00e3o Integral poder\u00e1, mediante edi\u00e7\u00e3o de decreto do Prefeito do\nMunic\u00edpio, ser estendido \u00e0s demais Unidades da Rede Municipal do Sistema de\nEnsino, tendo como finalidade b\u00e1sica executar a Pol\u00edtica Municipal do Ensino Fundamental,\nem conson\u00e2ncia com as diretrizes das pol\u00edticas educacionais fixadas pela\nSecretaria da Educa\u00e7\u00e3o\u201d, justificou.<\/p>\n\n\n\n<p>Ainda na sess\u00e3o, o presidente Bomba pediu que fosse lida a\nCARTA DE REN\u00daNCIA do suplente de vereador Jos\u00e9 Pedro da Silva, mais conhecido\ncomo Menininho. Ele era o primeiro suplente e foi candidato a vereador de Sum\u00e9\npelo PR na coliga\u00e7\u00e3o PRA SUME SEGUIR EM FRENTE II, obtendo 312 votos. \u201cInformo\nque as raz\u00f5es que levaram a esta decis\u00e3o s\u00e3o de cunho estritamente pessoal.\nAssim sendo, ratifico e reitero de forma livre, espont\u00e2nea, expressa,\nIrrevog\u00e1vel e irretrat\u00e1vel a REN\u00daNCIA AO MANDATO DE VEREADOR\u201d, justificou.<\/p>\n\n\n\n<p>Com a ren\u00fancia de Menininho, o segundo suplente Fl\u00e1vio\nPaulino assume a primeira supl\u00eancia e caso algum dos vereadores da coliga\u00e7\u00e3o\nprecise se ausentar por algum motivo, Fl\u00e1vio Paulino poder\u00e1 assumir a cadeira\nde vereador sumeense.<\/p>\n","protected":false},"excerpt":{"rendered":"<p>A C\u00e2mara Municipal de Sum\u00e9 esteve reunida na noite desta ter\u00e7a-feira, dia 22, aprovando requerimentos e projetos de interesse da popula\u00e7\u00e3o sumeense. Os vereadores aprovaram&hellip; <\/p>\n","protected":false},"author":2,"featured_media":128968,"comment_status":"closed","ping_status":"closed","sticky":false,"template":"","format":"standard","meta":{"sfsi_plus_gutenberg_text_before_share":"","sfsi_plus_gutenberg_show_text_before_share":"","sfsi_plus_gutenberg_icon_type":"","sfsi_plus_gutenberg_icon_alignemt":"","sfsi_plus_gutenburg_max_per_row":"","footnotes":""},"categories":[50,2],"tags":[],"class_list":["post-128967","post","type-post","status-publish","format-standard","has-post-thumbnail","hentry","category-destaque","category-geral"],"_links":{"self":[{"href":"https:\/\/www.caririemacao.com\/1\/wp-json\/wp\/v2\/posts\/128967","targetHints":{"allow":["GET"]}}],"collection":[{"href":"https:\/\/www.caririemacao.com\/1\/wp-json\/wp\/v2\/posts"}],"about":[{"href":"https:\/\/www.caririemacao.com\/1\/wp-json\/wp\/v2\/types\/post"}],"author":[{"embeddable":true,"href":"https:\/\/www.caririemacao.com\/1\/wp-json\/wp\/v2\/users\/2"}],"replies":[{"embeddable":true,"href":"https:\/\/www.caririemacao.com\/1\/wp-json\/wp\/v2\/comments?post=128967"}],"version-history":[{"count":1,"href":"https:\/\/www.caririemacao.com\/1\/wp-json\/wp\/v2\/posts\/128967\/revisions"}],"predecessor-version":[{"id":128970,"href":"https:\/\/www.caririemacao.com\/1\/wp-json\/wp\/v2\/posts\/128967\/revisions\/128970"}],"wp:featuredmedia":[{"embeddable":true,"href":"https:\/\/www.caririemacao.com\/1\/wp-json\/wp\/v2\/media\/128968"}],"wp:attachment":[{"href":"https:\/\/www.caririemacao.com\/1\/wp-json\/wp\/v2\/media?parent=128967"}],"wp:term":[{"taxonomy":"category","embeddable":true,"href":"https:\/\/www.caririemacao.com\/1\/wp-json\/wp\/v2\/categories?post=128967"},{"taxonomy":"post_tag","embeddable":true,"href":"https:\/\/www.caririemacao.com\/1\/wp-json\/wp\/v2\/tags?post=128967"}],"curies":[{"name":"wp","href":"https:\/\/api.w.org\/{rel}","templated":true}]}}