{"id":128971,"date":"2019-10-23T07:13:58","date_gmt":"2019-10-23T10:13:58","guid":{"rendered":"http:\/\/www.caririemacao.com\/1\/?p=128971"},"modified":"2019-10-23T07:13:58","modified_gmt":"2019-10-23T10:13:58","slug":"suplente-de-vereador-em-sume-apresenta-carta-de-renuncia","status":"publish","type":"post","link":"https:\/\/www.caririemacao.com\/1\/2019\/10\/23\/suplente-de-vereador-em-sume-apresenta-carta-de-renuncia\/","title":{"rendered":"Suplente de vereador em Sum\u00e9 apresenta Carta de Ren\u00fancia"},"content":{"rendered":"\n<p>Durante a reuni\u00e3o da C\u00e2mara Municipal de Sum\u00e9 realizada na\nnoite desta ter\u00e7a-feira, dia 22, o presidente do Poder Legislativo Municipal\napresentou uma carta de ren\u00fancia encaminhada pelo suplente de vereador Jos\u00e9\nPedro da Silva, conhecido como Menininho.<\/p>\n\n\n\n<p>Na carta, o suplente de vereador Jos\u00e9 Pedro da Silva, mais\nconhecido como Menininho que era o primeiro suplente e foi candidato a vereador\nde Sum\u00e9 pelo PR na coliga\u00e7\u00e3o PRA SUME SEGUIR EM FRENTE II, obtendo 312 votos\ninforma que as raz\u00f5es que o levaram a tomar esta decis\u00e3o s\u00e3o de cunho\nestritamente pessoal, sendo uma decis\u00e3o de forma livre, espont\u00e2nea, expressa, irrevog\u00e1vel\ne irretrat\u00e1vel a REN\u00daNCIA AO MANDATO DE VEREADOR.<\/p>\n\n\n\n<p>Com a ren\u00fancia de Menininho, o segundo suplente Fl\u00e1vio\nPaulino assume a primeira supl\u00eancia e caso algum dos vereadores da coliga\u00e7\u00e3o\nprecise se ausentar por algum motivo, Fl\u00e1vio Paulino poder\u00e1 assumir a cadeira\nde vereador sumeense.<\/p>\n","protected":false},"excerpt":{"rendered":"<p>Durante a reuni\u00e3o da C\u00e2mara Municipal de Sum\u00e9 realizada na noite desta ter\u00e7a-feira, dia 22, o presidente do Poder Legislativo Municipal apresentou uma carta de&hellip; <\/p>\n","protected":false},"author":2,"featured_media":128972,"comment_status":"closed","ping_status":"closed","sticky":false,"template":"","format":"standard","meta":{"sfsi_plus_gutenberg_text_before_share":"","sfsi_plus_gutenberg_show_text_before_share":"","sfsi_plus_gutenberg_icon_type":"","sfsi_plus_gutenberg_icon_alignemt":"","sfsi_plus_gutenburg_max_per_row":"","footnotes":""},"categories":[50,11],"tags":[],"class_list":["post-128971","post","type-post","status-publish","format-standard","has-post-thumbnail","hentry","category-destaque","category-politica"],"_links":{"self":[{"href":"https:\/\/www.caririemacao.com\/1\/wp-json\/wp\/v2\/posts\/128971","targetHints":{"allow":["GET"]}}],"collection":[{"href":"https:\/\/www.caririemacao.com\/1\/wp-json\/wp\/v2\/posts"}],"about":[{"href":"https:\/\/www.caririemacao.com\/1\/wp-json\/wp\/v2\/types\/post"}],"author":[{"embeddable":true,"href":"https:\/\/www.caririemacao.com\/1\/wp-json\/wp\/v2\/users\/2"}],"replies":[{"embeddable":true,"href":"https:\/\/www.caririemacao.com\/1\/wp-json\/wp\/v2\/comments?post=128971"}],"version-history":[{"count":1,"href":"https:\/\/www.caririemacao.com\/1\/wp-json\/wp\/v2\/posts\/128971\/revisions"}],"predecessor-version":[{"id":128973,"href":"https:\/\/www.caririemacao.com\/1\/wp-json\/wp\/v2\/posts\/128971\/revisions\/128973"}],"wp:featuredmedia":[{"embeddable":true,"href":"https:\/\/www.caririemacao.com\/1\/wp-json\/wp\/v2\/media\/128972"}],"wp:attachment":[{"href":"https:\/\/www.caririemacao.com\/1\/wp-json\/wp\/v2\/media?parent=128971"}],"wp:term":[{"taxonomy":"category","embeddable":true,"href":"https:\/\/www.caririemacao.com\/1\/wp-json\/wp\/v2\/categories?post=128971"},{"taxonomy":"post_tag","embeddable":true,"href":"https:\/\/www.caririemacao.com\/1\/wp-json\/wp\/v2\/tags?post=128971"}],"curies":[{"name":"wp","href":"https:\/\/api.w.org\/{rel}","templated":true}]}}