{"id":128974,"date":"2019-10-23T07:42:31","date_gmt":"2019-10-23T10:42:31","guid":{"rendered":"http:\/\/www.caririemacao.com\/1\/?p=128974"},"modified":"2019-10-23T07:42:31","modified_gmt":"2019-10-23T10:42:31","slug":"reforma-da-previdencia-e-aprovada-com-votos-a-favor-de-daniella-e-maranhao-veneziano-vota-contra","status":"publish","type":"post","link":"https:\/\/www.caririemacao.com\/1\/2019\/10\/23\/reforma-da-previdencia-e-aprovada-com-votos-a-favor-de-daniella-e-maranhao-veneziano-vota-contra\/","title":{"rendered":"Reforma da Previd\u00eancia \u00e9 aprovada com votos a favor de Daniella e Maranh\u00e3o; Veneziano vota contra"},"content":{"rendered":"\n<p>O&nbsp;Senado&nbsp;aprovou nesta ter\u00e7a-feira (22) por 60 votos a 19, em segundo turno, o texto-base da&nbsp;reforma da Previd\u00eancia.<\/p>\n\n\n\n<p>Ap\u00f3s a aprova\u00e7\u00e3o do texto-base, os senadores chegaram a analisar parte dos destaques (propostas para mudar a reda\u00e7\u00e3o), mas n\u00e3o conclu\u00edram essa etapa.<\/p>\n\n\n\n<p>Dos quatro destaques apresentados, dois foram analisados durante a sess\u00e3o e acabaram rejeitados. A vota\u00e7\u00e3o ser\u00e1 retomada nesta quarta (23), e a sess\u00e3o est\u00e1 marcada para as 9h. O texto a ser aprovado seguir\u00e1 para promulga\u00e7\u00e3o pelo plen\u00e1rio do Congresso.<\/p>\n\n\n\n<p>Entre outros pontos, o&nbsp;texto&nbsp;prev\u00ea idade m\u00ednima de aposentadoria para homens (65 anos) e mulheres (62 anos) \u2013&nbsp;<em>veja os detalhes mais abaixo<\/em>.<\/p>\n\n\n\n<p>Por se tratar de emenda \u00e0 Constitui\u00e7\u00e3o, a proposta precisa ser submetida a dois turnos de vota\u00e7\u00e3o e ter o apoio m\u00ednimo de 49 dos 81 senadores<\/p>\n\n\n\n<p>No primeiro turno, a PEC foi aprovada por&nbsp;56 votos a 19&nbsp;e no segundo, o texto-base foi aprovado por 60 votos a 19.<\/p>\n\n\n\n<p>Antes de chegar ao plen\u00e1rio para ser analisada em segundo turno, a PEC&nbsp;recebeu o aval, mais cedo nesta ter\u00e7a, da Comiss\u00e3o de Constitui\u00e7\u00e3o e Justi\u00e7a (CCJ) do Senado.<\/p>\n\n\n\n<p><strong>VOTOS DOS PARAIBANOS<\/strong><\/p>\n\n\n\n<p>Dos 60 votos favor\u00e1veis, dois foram dos senadores paraibanos Daniella Ribeiro (PP) e Jos\u00e9 Maranh\u00e3o (MDB). O senador Veneziano Vital (PSB) esteve entre os 19 votos contr\u00e1rios \u00e0 aprova\u00e7\u00e3o do texto-base da reforma, apresentado pelo presidente Jair Bolsonaro em fevereiro deste ano.<\/p>\n\n\n\n<p>O texto-base da Reforma da Previd\u00eancia, apresentado em fevereiro pelo presidente Jair Bolsonaro, altera regras de aposentadorias e outros benef\u00edcios previdenci\u00e1rios com o prop\u00f3sito de promover o equil\u00edbrio das contas p\u00fablicas.<\/p>\n\n\n\n<p><em>Com Informa\u00e7\u00f5es&nbsp;do G1<\/em><\/p>\n","protected":false},"excerpt":{"rendered":"<p>O&nbsp;Senado&nbsp;aprovou nesta ter\u00e7a-feira (22) por 60 votos a 19, em segundo turno, o texto-base da&nbsp;reforma da Previd\u00eancia. Ap\u00f3s a aprova\u00e7\u00e3o do texto-base, os senadores chegaram&hellip; <\/p>\n","protected":false},"author":1,"featured_media":128975,"comment_status":"closed","ping_status":"closed","sticky":false,"template":"","format":"standard","meta":{"sfsi_plus_gutenberg_text_before_share":"","sfsi_plus_gutenberg_show_text_before_share":"","sfsi_plus_gutenberg_icon_type":"","sfsi_plus_gutenberg_icon_alignemt":"","sfsi_plus_gutenburg_max_per_row":"","footnotes":""},"categories":[50,11],"tags":[],"class_list":["post-128974","post","type-post","status-publish","format-standard","has-post-thumbnail","hentry","category-destaque","category-politica"],"_links":{"self":[{"href":"https:\/\/www.caririemacao.com\/1\/wp-json\/wp\/v2\/posts\/128974","targetHints":{"allow":["GET"]}}],"collection":[{"href":"https:\/\/www.caririemacao.com\/1\/wp-json\/wp\/v2\/posts"}],"about":[{"href":"https:\/\/www.caririemacao.com\/1\/wp-json\/wp\/v2\/types\/post"}],"author":[{"embeddable":true,"href":"https:\/\/www.caririemacao.com\/1\/wp-json\/wp\/v2\/users\/1"}],"replies":[{"embeddable":true,"href":"https:\/\/www.caririemacao.com\/1\/wp-json\/wp\/v2\/comments?post=128974"}],"version-history":[{"count":1,"href":"https:\/\/www.caririemacao.com\/1\/wp-json\/wp\/v2\/posts\/128974\/revisions"}],"predecessor-version":[{"id":128976,"href":"https:\/\/www.caririemacao.com\/1\/wp-json\/wp\/v2\/posts\/128974\/revisions\/128976"}],"wp:featuredmedia":[{"embeddable":true,"href":"https:\/\/www.caririemacao.com\/1\/wp-json\/wp\/v2\/media\/128975"}],"wp:attachment":[{"href":"https:\/\/www.caririemacao.com\/1\/wp-json\/wp\/v2\/media?parent=128974"}],"wp:term":[{"taxonomy":"category","embeddable":true,"href":"https:\/\/www.caririemacao.com\/1\/wp-json\/wp\/v2\/categories?post=128974"},{"taxonomy":"post_tag","embeddable":true,"href":"https:\/\/www.caririemacao.com\/1\/wp-json\/wp\/v2\/tags?post=128974"}],"curies":[{"name":"wp","href":"https:\/\/api.w.org\/{rel}","templated":true}]}}