{"id":128979,"date":"2019-10-23T07:45:13","date_gmt":"2019-10-23T10:45:13","guid":{"rendered":"http:\/\/www.caririemacao.com\/1\/?p=128979"},"modified":"2019-10-23T07:45:13","modified_gmt":"2019-10-23T10:45:13","slug":"monteiro-servidores-do-caps-participam-de-curso-de-aperfeicoamento-em-saude-mental-e-rede-de-atencao-psicossocial","status":"publish","type":"post","link":"https:\/\/www.caririemacao.com\/1\/2019\/10\/23\/monteiro-servidores-do-caps-participam-de-curso-de-aperfeicoamento-em-saude-mental-e-rede-de-atencao-psicossocial\/","title":{"rendered":"MONTEIRO: Servidores do CAPS participam de Curso de Aperfei\u00e7oamento em Sa\u00fade Mental e Rede de Aten\u00e7\u00e3o Psicossocial"},"content":{"rendered":"\n<p>Os Profissionais de Sa\u00fade e Assist\u00eancia Social do Munic\u00edpio de Monteiro, lotados no CAPS I e CAPS AD III, participaram de um encontro de avalia\u00e7\u00e3o e supervis\u00e3o na \u00faltima sexta-feira (18). Essas supervis\u00f5es fazem parte do Curso de Aperfei\u00e7oamento em Sa\u00fade Mental e Rede de Aten\u00e7\u00e3o Psicossocial, realizado pela Zenith Consultoria e Cursos, respons\u00e1vel pelo treinamento e acompanhamento da 2\u00b0 Macrorregi\u00e3o de Sa\u00fade, composta por 34 munic\u00edpios do Estado.<\/p>\n\n\n\n<p>Esses encontros t\u00eam como objetivo o fortalecimento e a consolida\u00e7\u00e3o da Rede de Sa\u00fade Mental no munic\u00edpio de Monteiro, formada pelo CAPS I E CAPS AD III, que al\u00e9m da assist\u00eancia direta aos usu\u00e1rios, realizam a articula\u00e7\u00e3o e di\u00e1logo com os outros dispositivos do Sistema de Sa\u00fade local, como a rede de aten\u00e7\u00e3o b\u00e1sica, equipes de Sa\u00fade da Fam\u00edlia, Hospital Regional, SAMU \u2013 192 e outros equipamentos de sa\u00fade.<\/p>\n\n\n\n<p>Os Centros de Aten\u00e7\u00e3o Psicossocial (Caps) s\u00e3o unidades especializadas em sa\u00fade mental para tratamento e reinser\u00e7\u00e3o social de pessoas com transtorno mental grave e persistente. Os centros oferecem um atendimento interdisciplinar, composto por uma equipe multiprofissional que re\u00fane m\u00e9dicos, assistentes sociais, psic\u00f3logos, psiquiatras, entre outros especialistas.<\/p>\n","protected":false},"excerpt":{"rendered":"<p>Os Profissionais de Sa\u00fade e Assist\u00eancia Social do Munic\u00edpio de Monteiro, lotados no CAPS I e CAPS AD III, participaram de um encontro de avalia\u00e7\u00e3o&hellip; <\/p>\n","protected":false},"author":1,"featured_media":128980,"comment_status":"closed","ping_status":"closed","sticky":false,"template":"","format":"standard","meta":{"sfsi_plus_gutenberg_text_before_share":"","sfsi_plus_gutenberg_show_text_before_share":"","sfsi_plus_gutenberg_icon_type":"","sfsi_plus_gutenberg_icon_alignemt":"","sfsi_plus_gutenburg_max_per_row":"","footnotes":""},"categories":[6],"tags":[],"class_list":["post-128979","post","type-post","status-publish","format-standard","has-post-thumbnail","hentry","category-cidades"],"_links":{"self":[{"href":"https:\/\/www.caririemacao.com\/1\/wp-json\/wp\/v2\/posts\/128979","targetHints":{"allow":["GET"]}}],"collection":[{"href":"https:\/\/www.caririemacao.com\/1\/wp-json\/wp\/v2\/posts"}],"about":[{"href":"https:\/\/www.caririemacao.com\/1\/wp-json\/wp\/v2\/types\/post"}],"author":[{"embeddable":true,"href":"https:\/\/www.caririemacao.com\/1\/wp-json\/wp\/v2\/users\/1"}],"replies":[{"embeddable":true,"href":"https:\/\/www.caririemacao.com\/1\/wp-json\/wp\/v2\/comments?post=128979"}],"version-history":[{"count":1,"href":"https:\/\/www.caririemacao.com\/1\/wp-json\/wp\/v2\/posts\/128979\/revisions"}],"predecessor-version":[{"id":128981,"href":"https:\/\/www.caririemacao.com\/1\/wp-json\/wp\/v2\/posts\/128979\/revisions\/128981"}],"wp:featuredmedia":[{"embeddable":true,"href":"https:\/\/www.caririemacao.com\/1\/wp-json\/wp\/v2\/media\/128980"}],"wp:attachment":[{"href":"https:\/\/www.caririemacao.com\/1\/wp-json\/wp\/v2\/media?parent=128979"}],"wp:term":[{"taxonomy":"category","embeddable":true,"href":"https:\/\/www.caririemacao.com\/1\/wp-json\/wp\/v2\/categories?post=128979"},{"taxonomy":"post_tag","embeddable":true,"href":"https:\/\/www.caririemacao.com\/1\/wp-json\/wp\/v2\/tags?post=128979"}],"curies":[{"name":"wp","href":"https:\/\/api.w.org\/{rel}","templated":true}]}}