{"id":128984,"date":"2019-10-23T07:47:23","date_gmt":"2019-10-23T10:47:23","guid":{"rendered":"http:\/\/www.caririemacao.com\/1\/?p=128984"},"modified":"2019-10-23T07:47:23","modified_gmt":"2019-10-23T10:47:23","slug":"flamengo-e-gremio-decidem-vaga-em-decisao","status":"publish","type":"post","link":"https:\/\/www.caririemacao.com\/1\/2019\/10\/23\/flamengo-e-gremio-decidem-vaga-em-decisao\/","title":{"rendered":"Flamengo e Gr\u00eamio decidem vaga em decis\u00e3o"},"content":{"rendered":"\n<p>Flamengo e Gr\u00eamio decidem nesta quarta-feira, \u00e0s 21h30 (de Bras\u00edlia), quem enfrentar\u00e1 o River Plate\/ARG na grande decis\u00e3o da Copa Libertadores da Am\u00e9rica. No duelo da ida, no Rio Grande do Sul, os dois times empataram por 1 a 1 e quem ganhar agora se classifica, sendo que novo 1 a 1 for\u00e7ar\u00e1 a disputa de p\u00eanaltis. Empate sem gols serve aos flamenguistas, pois os tentos anotados como visitante valem para crit\u00e9rio de desempate. Pelo mesmo motivo, empates a partir de 2 a 2 beneficiam os ga\u00fachos.<\/p>\n\n\n\n<p>O Flamengo ainda aguarda pela recupera\u00e7\u00e3o do lateral-direito Rafinha, que se submeteu a uma cirurgia para corre\u00e7\u00e3o de uma fratura no aro zigom\u00e1tico, o osso da bochecha, e do meia uruguaio De Arrascaeta, que se submeteu a uma artroscopia para corre\u00e7\u00e3o de problema no ligamento colateral medial e do menisco medial direito. O primeiro, se for vetado, cede o posto a Rodinei. O segundo, se relacionado, come\u00e7ar\u00e1 no banco.<\/p>\n\n\n\n<p>Para logo mais, o Gr\u00eamio perdeu o meia Luan, vetado com fortes dores no p\u00e9 direito. A sua vaga ser\u00e1 preenchida por Michel, refor\u00e7ando o sistema defensivo da equipe comanda por Renato Ga\u00facho no setor.<\/p>\n\n\n\n<p><strong>Ficha t\u00e9cnica<br>Flamengo x Gr\u00eamio&nbsp;<\/strong><\/p>\n\n\n\n<p>Local: Maracan\u00e3, no Rio de Janeiro (RJ)<br>Data: 23 de outubro de 2019 (Quarta-feira)<br>Hor\u00e1rio: 21h30 (de Bras\u00edlia)<br>\u00c1rbitro: Patricio Lostau (Argentina)<br>Assistentes: Diego Bonfa (Argentina) e Gabriel Chade (Argentina)<\/p>\n\n\n\n<p><strong>Flamengo:<\/strong>&nbsp;Diego Alves, Rafinha (Rodinei), Rodrigo Caio, Pablo Mar\u00ed e Filipe Lu\u00eds; Willian Ar\u00e3o, Gerson, Everton Ribeiro e Vitinho; Bruno Henrique e Gabigol. T\u00e9cnico: Jorge Jesus<\/p>\n\n\n\n<p><strong>Gr\u00eamio:<\/strong>&nbsp;Paulo Victor, L\u00e9o Moura, Pedro Geromel, Walter Kannemann e Bruno Cortez; Maicon, Matheus Henrique, Thaciano (Michel), Alisson e Everton; Diego Tardelli.&nbsp;T\u00e9cnico: Renato Ga\u00facho<\/p>\n\n\n\n<p><strong>MaisPB<\/strong><\/p>\n","protected":false},"excerpt":{"rendered":"<p>Flamengo e Gr\u00eamio decidem nesta quarta-feira, \u00e0s 21h30 (de Bras\u00edlia), quem enfrentar\u00e1 o River Plate\/ARG na grande decis\u00e3o da Copa Libertadores da Am\u00e9rica. No duelo&hellip; <\/p>\n","protected":false},"author":1,"featured_media":128985,"comment_status":"closed","ping_status":"closed","sticky":false,"template":"","format":"standard","meta":{"sfsi_plus_gutenberg_text_before_share":"","sfsi_plus_gutenberg_show_text_before_share":"","sfsi_plus_gutenberg_icon_type":"","sfsi_plus_gutenberg_icon_alignemt":"","sfsi_plus_gutenburg_max_per_row":"","footnotes":""},"categories":[13],"tags":[],"class_list":["post-128984","post","type-post","status-publish","format-standard","has-post-thumbnail","hentry","category-esportes"],"_links":{"self":[{"href":"https:\/\/www.caririemacao.com\/1\/wp-json\/wp\/v2\/posts\/128984","targetHints":{"allow":["GET"]}}],"collection":[{"href":"https:\/\/www.caririemacao.com\/1\/wp-json\/wp\/v2\/posts"}],"about":[{"href":"https:\/\/www.caririemacao.com\/1\/wp-json\/wp\/v2\/types\/post"}],"author":[{"embeddable":true,"href":"https:\/\/www.caririemacao.com\/1\/wp-json\/wp\/v2\/users\/1"}],"replies":[{"embeddable":true,"href":"https:\/\/www.caririemacao.com\/1\/wp-json\/wp\/v2\/comments?post=128984"}],"version-history":[{"count":1,"href":"https:\/\/www.caririemacao.com\/1\/wp-json\/wp\/v2\/posts\/128984\/revisions"}],"predecessor-version":[{"id":128986,"href":"https:\/\/www.caririemacao.com\/1\/wp-json\/wp\/v2\/posts\/128984\/revisions\/128986"}],"wp:featuredmedia":[{"embeddable":true,"href":"https:\/\/www.caririemacao.com\/1\/wp-json\/wp\/v2\/media\/128985"}],"wp:attachment":[{"href":"https:\/\/www.caririemacao.com\/1\/wp-json\/wp\/v2\/media?parent=128984"}],"wp:term":[{"taxonomy":"category","embeddable":true,"href":"https:\/\/www.caririemacao.com\/1\/wp-json\/wp\/v2\/categories?post=128984"},{"taxonomy":"post_tag","embeddable":true,"href":"https:\/\/www.caririemacao.com\/1\/wp-json\/wp\/v2\/tags?post=128984"}],"curies":[{"name":"wp","href":"https:\/\/api.w.org\/{rel}","templated":true}]}}