{"id":128994,"date":"2019-10-23T07:50:55","date_gmt":"2019-10-23T10:50:55","guid":{"rendered":"http:\/\/www.caririemacao.com\/1\/?p=128994"},"modified":"2019-10-23T07:50:55","modified_gmt":"2019-10-23T10:50:55","slug":"professor-e-preso-suspeito-de-estuprar-alunas-na-paraiba","status":"publish","type":"post","link":"https:\/\/www.caririemacao.com\/1\/2019\/10\/23\/professor-e-preso-suspeito-de-estuprar-alunas-na-paraiba\/","title":{"rendered":"Professor \u00e9 preso suspeito de estuprar alunas na Para\u00edba"},"content":{"rendered":"\n<p>Um professor foi preso nesta ter\u00e7a-feira (22), suspeito de assediar e estuprar quatro alunas, em um col\u00e9gio particular de Cajazeiras, na Para\u00edba. De acordo com o delegado Glauber Fontes, as adolescentes de 13 a 15 anos seriam as v\u00edtimas do professor, de 36 anos.&nbsp;<\/p>\n\n\n\n<p>Familiares das adolescentes informaram que o suspeito levava as meninas para o apartamento dele, onde consumiam bebidas alco\u00f3licas e algumas delas tinham rela\u00e7\u00f5es sexuais com o professor.&nbsp;<\/p>\n\n\n\n<p>A pris\u00e3o aconteceu atrav\u00e9s de um mandado de pris\u00e3o tempor\u00e1ria expedido pela 2a Vara Criminal da Comarca de Cajazeiras.&nbsp;<\/p>\n\n\n\n<p>Ele foi autuado por estupro, corrup\u00e7\u00e3o de menores ainda por oferecer bebidas alco\u00f3licas para as alunas.&nbsp;<\/p>\n\n\n\n<p>O professor foi levado para a Delegacia da cidade.&nbsp;<\/p>\n","protected":false},"excerpt":{"rendered":"<p>Um professor foi preso nesta ter\u00e7a-feira (22), suspeito de assediar e estuprar quatro alunas, em um col\u00e9gio particular de Cajazeiras, na Para\u00edba. De acordo com&hellip; <\/p>\n","protected":false},"author":1,"featured_media":128995,"comment_status":"closed","ping_status":"closed","sticky":false,"template":"","format":"standard","meta":{"sfsi_plus_gutenberg_text_before_share":"","sfsi_plus_gutenberg_show_text_before_share":"","sfsi_plus_gutenberg_icon_type":"","sfsi_plus_gutenberg_icon_alignemt":"","sfsi_plus_gutenburg_max_per_row":"","footnotes":""},"categories":[12],"tags":[],"class_list":["post-128994","post","type-post","status-publish","format-standard","has-post-thumbnail","hentry","category-policia"],"_links":{"self":[{"href":"https:\/\/www.caririemacao.com\/1\/wp-json\/wp\/v2\/posts\/128994","targetHints":{"allow":["GET"]}}],"collection":[{"href":"https:\/\/www.caririemacao.com\/1\/wp-json\/wp\/v2\/posts"}],"about":[{"href":"https:\/\/www.caririemacao.com\/1\/wp-json\/wp\/v2\/types\/post"}],"author":[{"embeddable":true,"href":"https:\/\/www.caririemacao.com\/1\/wp-json\/wp\/v2\/users\/1"}],"replies":[{"embeddable":true,"href":"https:\/\/www.caririemacao.com\/1\/wp-json\/wp\/v2\/comments?post=128994"}],"version-history":[{"count":1,"href":"https:\/\/www.caririemacao.com\/1\/wp-json\/wp\/v2\/posts\/128994\/revisions"}],"predecessor-version":[{"id":128996,"href":"https:\/\/www.caririemacao.com\/1\/wp-json\/wp\/v2\/posts\/128994\/revisions\/128996"}],"wp:featuredmedia":[{"embeddable":true,"href":"https:\/\/www.caririemacao.com\/1\/wp-json\/wp\/v2\/media\/128995"}],"wp:attachment":[{"href":"https:\/\/www.caririemacao.com\/1\/wp-json\/wp\/v2\/media?parent=128994"}],"wp:term":[{"taxonomy":"category","embeddable":true,"href":"https:\/\/www.caririemacao.com\/1\/wp-json\/wp\/v2\/categories?post=128994"},{"taxonomy":"post_tag","embeddable":true,"href":"https:\/\/www.caririemacao.com\/1\/wp-json\/wp\/v2\/tags?post=128994"}],"curies":[{"name":"wp","href":"https:\/\/api.w.org\/{rel}","templated":true}]}}