{"id":129000,"date":"2019-10-23T08:07:44","date_gmt":"2019-10-23T11:07:44","guid":{"rendered":"http:\/\/www.caririemacao.com\/1\/?p=129000"},"modified":"2019-10-23T08:07:44","modified_gmt":"2019-10-23T11:07:44","slug":"mec-divulga-horario-de-provas-do-enem-em-cada-estado","status":"publish","type":"post","link":"https:\/\/www.caririemacao.com\/1\/2019\/10\/23\/mec-divulga-horario-de-provas-do-enem-em-cada-estado\/","title":{"rendered":"MEC divulga hor\u00e1rio de provas do Enem em cada estado"},"content":{"rendered":"\n<p>O Minist\u00e9rio da Educa\u00e7\u00e3o (MEC) divulgou hoje (22) orienta\u00e7\u00f5es sobre o hor\u00e1rio das provas do Exame Nacional do Ensino M\u00e9dio (Enem), ser\u00e1 realizado nos dias 3 e 10 de novembro, em 1.727 munic\u00edpios. Como a aplica\u00e7\u00e3o segue o hor\u00e1rio de Bras\u00edlia, dependendo do local, os rel\u00f3gios podem estar at\u00e9 duas horas atrasados, e os participantes devem ficar atentos. Cerca de 5,1 milh\u00f5es de pessoas est\u00e3o inscritas para o exame.&nbsp;<\/p>\n\n\n\n<p>Os port\u00f5es de acesso aos locais de prova ser\u00e3o abertos e fechados em hor\u00e1rios diferentes nos estados, isso porque, pela extens\u00e3o territorial do pa\u00eds, existem diferentes fusos hor\u00e1rios. Os estudantes que chegarem ap\u00f3s o fechamento dos port\u00f5es n\u00e3o poder\u00e3o fazer o exame.<\/p>\n\n\n\n<p>No dia 3 de novembro, os estudantes ter\u00e3o cinco horas e meia para fazer a prova. No segundo domingo de prova, 10 de novembro, o tempo ser\u00e1 mais curto: cinco horas.<br><br>O acesso \u00e0 sala de provas s\u00f3 ser\u00e1 permitido com a apresenta\u00e7\u00e3o de documento oficial de identifica\u00e7\u00e3o com foto, conforme previsto em edital. O Instituto Nacional de Estudos e Pesquisas Educacionais An\u00edsio Teixeira (Inep) recomenda que o participante imprima e leve o cart\u00e3o de confirma\u00e7\u00e3o da inscri\u00e7\u00e3o, que j\u00e1 est\u00e1&nbsp;<a href=\"http:\/\/:%20http\/\/agenciabrasil.ebc.com.br\/educacao\/noticia\/2019-10\/cartoes-com-os-locais-de-prova-do-enem-ja-estao-disponiveis\">dispon\u00edvel na P\u00e1gina do Participante<\/a>&nbsp;e no aplicativo do Enem.<\/p>\n\n\n\n<h2 class=\"wp-block-heading\">Veja o hor\u00e1rio das provas do Enem em cada estado:<\/h2>\n\n\n\n<p><strong>Acre e 13 munic\u00edpios do Amazonas<\/strong>&nbsp;<strong>(Atalaia do Norte, Benjamin Constant, Boca do Acre, Eirunep\u00e9, Envira, Guajar\u00e1, Ipixuna, Itamarati, Juta\u00ed, L\u00e1brea, Pauini, S\u00e3o Paulo de Oliven\u00e7a, Tabatinga)<\/strong>: abertura dos port\u00f5es \u00e0s 10h, fechamento dos port\u00f5es, 11h, t\u00e9rmino das provas, 17.<br><br><strong>Amazonas (com exce\u00e7\u00e3o dos 13 munic\u00edpios descritos acima), Roraima, Rond\u00f4nia, Mato Grosso, Mato Grosso do Sul<\/strong>: abertura dos port\u00f5es, \u00e0s 11h, fechamento dos port\u00f5es, 12h, in\u00edcio das provas, 12h30, t\u00e9rmino das provas, 18h.<br><br><strong>Demais estados<\/strong>: abertura dos port\u00f5es, \u00e0s 12h, fechamento dos port\u00f5es, 13h, in\u00edcio das provas,13h30, t\u00e9rmino das provas, 19h.<br><br>O hor\u00e1rio de t\u00e9rmino das provas \u00e9 v\u00e1lido para o primeiro domingo do Enem. No segundo domingo, a prova terminar\u00e1 meia hora mais cedo.<\/p>\n","protected":false},"excerpt":{"rendered":"<p>O Minist\u00e9rio da Educa\u00e7\u00e3o (MEC) divulgou hoje (22) orienta\u00e7\u00f5es sobre o hor\u00e1rio das provas do Exame Nacional do Ensino M\u00e9dio (Enem), ser\u00e1 realizado nos dias&hellip; <\/p>\n","protected":false},"author":1,"featured_media":103914,"comment_status":"closed","ping_status":"closed","sticky":false,"template":"","format":"standard","meta":{"sfsi_plus_gutenberg_text_before_share":"","sfsi_plus_gutenberg_show_text_before_share":"","sfsi_plus_gutenberg_icon_type":"","sfsi_plus_gutenberg_icon_alignemt":"","sfsi_plus_gutenburg_max_per_row":"","footnotes":""},"categories":[14],"tags":[],"class_list":["post-129000","post","type-post","status-publish","format-standard","has-post-thumbnail","hentry","category-educacao"],"_links":{"self":[{"href":"https:\/\/www.caririemacao.com\/1\/wp-json\/wp\/v2\/posts\/129000","targetHints":{"allow":["GET"]}}],"collection":[{"href":"https:\/\/www.caririemacao.com\/1\/wp-json\/wp\/v2\/posts"}],"about":[{"href":"https:\/\/www.caririemacao.com\/1\/wp-json\/wp\/v2\/types\/post"}],"author":[{"embeddable":true,"href":"https:\/\/www.caririemacao.com\/1\/wp-json\/wp\/v2\/users\/1"}],"replies":[{"embeddable":true,"href":"https:\/\/www.caririemacao.com\/1\/wp-json\/wp\/v2\/comments?post=129000"}],"version-history":[{"count":1,"href":"https:\/\/www.caririemacao.com\/1\/wp-json\/wp\/v2\/posts\/129000\/revisions"}],"predecessor-version":[{"id":129001,"href":"https:\/\/www.caririemacao.com\/1\/wp-json\/wp\/v2\/posts\/129000\/revisions\/129001"}],"wp:featuredmedia":[{"embeddable":true,"href":"https:\/\/www.caririemacao.com\/1\/wp-json\/wp\/v2\/media\/103914"}],"wp:attachment":[{"href":"https:\/\/www.caririemacao.com\/1\/wp-json\/wp\/v2\/media?parent=129000"}],"wp:term":[{"taxonomy":"category","embeddable":true,"href":"https:\/\/www.caririemacao.com\/1\/wp-json\/wp\/v2\/categories?post=129000"},{"taxonomy":"post_tag","embeddable":true,"href":"https:\/\/www.caririemacao.com\/1\/wp-json\/wp\/v2\/tags?post=129000"}],"curies":[{"name":"wp","href":"https:\/\/api.w.org\/{rel}","templated":true}]}}