{"id":129006,"date":"2019-10-23T08:12:49","date_gmt":"2019-10-23T11:12:49","guid":{"rendered":"http:\/\/www.caririemacao.com\/1\/?p=129006"},"modified":"2019-10-23T08:12:49","modified_gmt":"2019-10-23T11:12:49","slug":"reforma-da-previdencia-veja-como-vai-ficar-o-desconto-do-inss-no-salario","status":"publish","type":"post","link":"https:\/\/www.caririemacao.com\/1\/2019\/10\/23\/reforma-da-previdencia-veja-como-vai-ficar-o-desconto-do-inss-no-salario\/","title":{"rendered":"Reforma da Previd\u00eancia: Veja como vai ficar o desconto do INSS no sal\u00e1rio"},"content":{"rendered":"\n<p>&nbsp;A&nbsp;<a href=\"https:\/\/paraibaonline.com.br\/2019\/10\/2o-turno-senado-aprova-texto-base-da-reforma-da-previdencia\/\">reforma da Previd\u00eancia, aprovada nesta ter\u00e7a-feira (22<\/a>), muda tamb\u00e9m o valor das contribui\u00e7\u00f5es previdenci\u00e1rias pagas pelos trabalhadores ao INSS.<\/p>\n\n\n\n<p>As mudan\u00e7as na contribui\u00e7\u00e3o dever\u00e3o entrar em vigor em quatro meses, no sal\u00e1rio de fevereiro, que \u00e9 pago em mar\u00e7o. Se a promulga\u00e7\u00e3o for em novembro, as mudan\u00e7as valer\u00e3o para o m\u00eas seguinte.<\/p>\n\n\n\n<p>A nova f\u00f3rmula de contribui\u00e7\u00e3o vai reduzir em quase R$ 45 o valor que alguns trabalhadores pagam \u00e0 Previd\u00eancia -\u00e9 o caso dos que ganham R$ 3.000. Por outro lado, quem ganha R$ 5.839,45 (o teto do INSS) ou tem um sal\u00e1rio superior a isso ir\u00e1 pagar R$ 40,21 a mais.<\/p>\n\n\n\n<p>As altera\u00e7\u00f5es s\u00e3o em compara\u00e7\u00e3o \u00e0 tabela atual de contribui\u00e7\u00e3o. Como o sal\u00e1rio m\u00ednimo, o teto da Previd\u00eancia e as faixas de contribui\u00e7\u00e3o s\u00e3o reajustados todo in\u00edcio de ano, esses valores dever\u00e3o mudar, para cima, quando a tabela entrar em vigor.<\/p>\n\n\n\n<p>Hoje, h\u00e1 tr\u00eas faixas de contribui\u00e7\u00e3o. Quem ganha at\u00e9 R$ 1.751,81 contribui com 8% do sal\u00e1rio para o INSS -ou seja, at\u00e9 R$ 140,14. Os que recebem de R$ 1.751,82 a R$ 2.919,72 contribuem com 9% (R$ 262,77, no m\u00e1ximo).<\/p>\n\n\n\n<p>Quem ganha mais do que isso contribui com 11%, mas a incid\u00eancia da al\u00edquota \u00e9 limitada ao teto previdenci\u00e1rio. Mesmo que o trabalhador tenha um sal\u00e1rio superior a R$ 5.839,45, paga 11% apenas sobre esse valor, que hoje equivale a R$ 642,34.<\/p>\n\n\n\n<p>Empresas contribuem com 20% da folha de pagamento.<\/p>\n\n\n\n<p>A reforma da Previd\u00eancia cria uma nova tabela de contribui\u00e7\u00e3o para o trabalhador.<\/p>\n\n\n\n<p>Quem ganha um sal\u00e1rio m\u00ednimo contribuir\u00e1 com 7,5%. A partir do piso, e at\u00e9 R$ 2.000, a contribui\u00e7\u00e3o ser\u00e1 de 7,5% a 8,25%. Na faixa seguinte, de R$ 2.001 a R$ 3.000, a incid\u00eancia ser\u00e1 de 8,25% a 9,5%, e a seguinte -de R$ 3.001 at\u00e9 o teto-, de 9,5% a 11,69%.<\/p>\n\n\n\n<p>Com a nova faixa, praticamente todas as contribui\u00e7\u00f5es dos trabalhadores ser\u00e3o alteradas. Alguns ter\u00e3o uma diferen\u00e7a de centavos, enquanto para outros a diferen\u00e7a ultrapasse os R$ 40.<\/p>\n","protected":false},"excerpt":{"rendered":"<p>&nbsp;A&nbsp;reforma da Previd\u00eancia, aprovada nesta ter\u00e7a-feira (22), muda tamb\u00e9m o valor das contribui\u00e7\u00f5es previdenci\u00e1rias pagas pelos trabalhadores ao INSS. As mudan\u00e7as na contribui\u00e7\u00e3o dever\u00e3o entrar&hellip; <\/p>\n","protected":false},"author":1,"featured_media":104371,"comment_status":"closed","ping_status":"closed","sticky":false,"template":"","format":"standard","meta":{"sfsi_plus_gutenberg_text_before_share":"","sfsi_plus_gutenberg_show_text_before_share":"","sfsi_plus_gutenberg_icon_type":"","sfsi_plus_gutenberg_icon_alignemt":"","sfsi_plus_gutenburg_max_per_row":"","footnotes":""},"categories":[11],"tags":[],"class_list":["post-129006","post","type-post","status-publish","format-standard","has-post-thumbnail","hentry","category-politica"],"_links":{"self":[{"href":"https:\/\/www.caririemacao.com\/1\/wp-json\/wp\/v2\/posts\/129006","targetHints":{"allow":["GET"]}}],"collection":[{"href":"https:\/\/www.caririemacao.com\/1\/wp-json\/wp\/v2\/posts"}],"about":[{"href":"https:\/\/www.caririemacao.com\/1\/wp-json\/wp\/v2\/types\/post"}],"author":[{"embeddable":true,"href":"https:\/\/www.caririemacao.com\/1\/wp-json\/wp\/v2\/users\/1"}],"replies":[{"embeddable":true,"href":"https:\/\/www.caririemacao.com\/1\/wp-json\/wp\/v2\/comments?post=129006"}],"version-history":[{"count":1,"href":"https:\/\/www.caririemacao.com\/1\/wp-json\/wp\/v2\/posts\/129006\/revisions"}],"predecessor-version":[{"id":129007,"href":"https:\/\/www.caririemacao.com\/1\/wp-json\/wp\/v2\/posts\/129006\/revisions\/129007"}],"wp:featuredmedia":[{"embeddable":true,"href":"https:\/\/www.caririemacao.com\/1\/wp-json\/wp\/v2\/media\/104371"}],"wp:attachment":[{"href":"https:\/\/www.caririemacao.com\/1\/wp-json\/wp\/v2\/media?parent=129006"}],"wp:term":[{"taxonomy":"category","embeddable":true,"href":"https:\/\/www.caririemacao.com\/1\/wp-json\/wp\/v2\/categories?post=129006"},{"taxonomy":"post_tag","embeddable":true,"href":"https:\/\/www.caririemacao.com\/1\/wp-json\/wp\/v2\/tags?post=129006"}],"curies":[{"name":"wp","href":"https:\/\/api.w.org\/{rel}","templated":true}]}}