{"id":129023,"date":"2019-10-23T08:21:26","date_gmt":"2019-10-23T11:21:26","guid":{"rendered":"http:\/\/www.caririemacao.com\/1\/?p=129023"},"modified":"2019-10-23T08:21:26","modified_gmt":"2019-10-23T11:21:26","slug":"eduardo-bolsonaro-anuncia-desistencia-de-embaixada-nos-eua","status":"publish","type":"post","link":"https:\/\/www.caririemacao.com\/1\/2019\/10\/23\/eduardo-bolsonaro-anuncia-desistencia-de-embaixada-nos-eua\/","title":{"rendered":"Eduardo Bolsonaro anuncia desist\u00eancia de embaixada nos EUA"},"content":{"rendered":"\n<p>&nbsp;deputado Eduardo Bolsonaro (PSL-RJ) anunciou na noite desta ter\u00e7a-feira (22), em discurso no plen\u00e1rio da C\u00e2mara, que desistiu da indica\u00e7\u00e3o para ocupar o posto de embaixador do Brasil nos Estados.<\/p>\n\n\n\n<p>O parlamentar fez o an\u00fancio no plen\u00e1rio da C\u00e2mara, durante a vota\u00e7\u00e3o do projeto que confirma os termos do acordo entre Brasil e Estados Unidos para o uso, pelos norte-americanos, da base de lan\u00e7amento de foguetes de Alc\u00e2ntara, no Maranh\u00e3o.<\/p>\n\n\n\n<p>Nesta segunda-feira (21), no Jap\u00e3o, o presidente Jair Bolsonaro, disse preferir que o filho permane\u00e7a no Brasil para &#8220;pacificar&#8221; o PSL, que vive uma crise interna.<\/p>\n\n\n\n<p>Em julho, Bolsonaro afirmou pela primeira vez que pretendia indicar o deputado para a embaixada. Desde ent\u00e3o, Eduardo Bolsonaro visitou senadores a fim de obter apoio para a indica\u00e7\u00e3o, que precisa ser aprovada pelo Senado. Mas enfrentou resist\u00eancia de parte dos parlamentares, e o governo nunca obteve a garantia de que teria votos suficientes para aprovar a indica\u00e7\u00e3o.<\/p>\n\n\n\n<p>A situa\u00e7\u00e3o ficou ainda mais dif\u00edcil com a eclos\u00e3o da crise no PSL, principalmente depois que um \u00e1udio revelou uma conversa telef\u00f4nica de Jair Bolsonaro na qual pedia, supostamente a um deputado, apoio para que o filho assumisse como l\u00edder do PSL na C\u00e2mara.<\/p>\n\n\n\n<p>\u201cFoi uma decis\u00e3o que eu estava pensando h\u00e1 muito tempo. A gente escuta conselho de muita gente. Al\u00e9m disso, tem a quest\u00e3o do meu eleitorado. Confesso, n\u00e3o era a maioria que estava apoiando ali\u201d, argumentou o parlamentar, em entrevista aos jornalistas logo depois do discurso. \u201cSeria um papel a ser desempenhado, mas aqui no Brasil tamb\u00e9m eu acho que tenho um papel t\u00e3o importante quanto ou talvez mais\u201d, declarou.<\/p>\n\n\n\n<p>O parlamentar disse que n\u00e3o tomou a decis\u00e3o de desistir da indica\u00e7\u00e3o para atender a um eventual pedido do presidente Jair Bolsonaro.<\/p>\n\n\n\n<p>\u201cN\u00e3o, o presidente sempre me deixou bem \u00e0 vontade com rela\u00e7\u00e3o \u00e0 isso. Eu confesso que quando saiu o meu nome, quando fui indicado, eu fiquei at\u00e9 surpreso, n\u00e3o esperava que isso acontecesse. Num primeiro momento eu fiquei feliz sim, \u00f3bvio. Quem n\u00e3o se sente prestigiado para assumir esse posto? Por\u00e9m, no decorrer do processo, com amadurecimento, conversas, e etc., foi me fazendo pensar e culminou hoje aqui com essa decis\u00e3o\u201d, disse.<\/p>\n\n\n\n<p>No discurso em plen\u00e1rio, o parlamentar classificou a embaixada em Washington como \u201cum posto chave\u201d na diplomacia internacional. Tamb\u00e9m mencionou a hist\u00f3ria das rela\u00e7\u00f5es entre Brasil e Estados Unidos. \u201cEstar pr\u00f3ximo dos Estados Unidos \u00e9 estar ao lado da boa diplomacia\u201d, declarou.<\/p>\n\n\n\n<p>O parlamentar citou o caso do ex-embaixador Tilden Santiago, indicado pelo ex-presidente Luiz In\u00e1cio Lula da Silva em 2003 para a embaixada do Brasil em Cuba. Ele afirmou que Santiago foi indicado depois de perder a elei\u00e7\u00e3o para o Senado.<\/p>\n\n\n\n<p>\u201cEmbaixador \u00e9 algu\u00e9m que representa o Brasil no exterior. E, se um pol\u00edtico que n\u00e3o conseguiu se eleger foi representar todo o conjunto dos brasileiros no exterior, o que dizer ent\u00e3o o deputado mais votado da hist\u00f3ria do pa\u00eds? Certamente n\u00e3o me faltaria legitimidade, e isso \u00e9 um fato que depende de interpreta\u00e7\u00f5es&#8221;, declarou Eduardo Bolsonaro, que disse permanecer no Brasil para &#8220;defender os princ\u00edpios conservadores\u201d.<\/p>\n\n\n\n<p>&#8216;Parab\u00e9ns a ele&#8217;<\/p>\n\n\n\n<p>O presidente Jair Bolsonaro est\u00e1 no Jap\u00e3o e foi questionado sobre o an\u00fancio de Eduardo. Para ele, o filho ter\u00e1 uma &#8220;tremenda responsabilidade&#8221; como novo l\u00edder do PSL. Ao comentar o assunto, acrescentou: &#8220;Parab\u00e9ns a ele&#8221;.<\/p>\n\n\n\n<p>&#8220;Existiu a possibilidade de eu indic\u00e1-lo para o Senado, n\u00e3o estava nada garantido, dependeria de uma sabatina. Vinha conversando com ele e, a partir do momento em que ele aceitou ser l\u00edder do partido, ele agora tem uma tremenda responsabilidade l\u00e1 no Brasil. Ent\u00e3o, parab\u00e9ns a ele por essa decis\u00e3o. E quem sabe, no futuro, a gente volte a esse assunto? Mas eu acho que, pelo menos no pr\u00f3ximo ano, n\u00e3o se discute esse assunto&#8221;, declarou Bolsonaro.<\/p>\n\n\n\n<p>Lideran\u00e7a do PSL<\/p>\n\n\n\n<p>Nesta sexta-feira, Eduardo Bolsonaro voltou a ser confirmado na lideran\u00e7a do PSL, depois que a Secretaria-Geral da Mesa da C\u00e2mara validou uma lista de assinaturas da integrantes da bancada do partido em apoio \u00e0 sua manuten\u00e7\u00e3o no posto.<\/p>\n\n\n\n<p>Questionado se o fato de ter assumido o cargo foi determinante para a decis\u00e3o de desistir da embaixada, ele afirmou: \u201cA lideran\u00e7a em princ\u00edpio vai at\u00e9 o final do ano. N\u00e3o foi esse o fator determinante, n\u00e3o\u201d, afirmou.<\/p>\n\n\n\n<p>Eduardo Bolsonaro tamb\u00e9m disse que n\u00e3o deve concorrer a mais um ano no cargo de l\u00edder em dezembro.<\/p>\n\n\n\n<p>\u201cEu confesso que eu n\u00e3o tenho vontade de ser l\u00edder. Eu ficaria se fosse uma miss\u00e3o. Se os colegas pedirem por aclama\u00e7\u00e3o, tudo bem, mas n\u00e3o \u00e9 uma coisa que eu tenha vontade\u201d, declarou.<\/p>\n","protected":false},"excerpt":{"rendered":"<p>&nbsp;deputado Eduardo Bolsonaro (PSL-RJ) anunciou na noite desta ter\u00e7a-feira (22), em discurso no plen\u00e1rio da C\u00e2mara, que desistiu da indica\u00e7\u00e3o para ocupar o posto de&hellip; <\/p>\n","protected":false},"author":1,"featured_media":128717,"comment_status":"closed","ping_status":"closed","sticky":false,"template":"","format":"standard","meta":{"sfsi_plus_gutenberg_text_before_share":"","sfsi_plus_gutenberg_show_text_before_share":"","sfsi_plus_gutenberg_icon_type":"","sfsi_plus_gutenberg_icon_alignemt":"","sfsi_plus_gutenburg_max_per_row":"","footnotes":""},"categories":[11],"tags":[],"class_list":["post-129023","post","type-post","status-publish","format-standard","has-post-thumbnail","hentry","category-politica"],"_links":{"self":[{"href":"https:\/\/www.caririemacao.com\/1\/wp-json\/wp\/v2\/posts\/129023","targetHints":{"allow":["GET"]}}],"collection":[{"href":"https:\/\/www.caririemacao.com\/1\/wp-json\/wp\/v2\/posts"}],"about":[{"href":"https:\/\/www.caririemacao.com\/1\/wp-json\/wp\/v2\/types\/post"}],"author":[{"embeddable":true,"href":"https:\/\/www.caririemacao.com\/1\/wp-json\/wp\/v2\/users\/1"}],"replies":[{"embeddable":true,"href":"https:\/\/www.caririemacao.com\/1\/wp-json\/wp\/v2\/comments?post=129023"}],"version-history":[{"count":1,"href":"https:\/\/www.caririemacao.com\/1\/wp-json\/wp\/v2\/posts\/129023\/revisions"}],"predecessor-version":[{"id":129024,"href":"https:\/\/www.caririemacao.com\/1\/wp-json\/wp\/v2\/posts\/129023\/revisions\/129024"}],"wp:featuredmedia":[{"embeddable":true,"href":"https:\/\/www.caririemacao.com\/1\/wp-json\/wp\/v2\/media\/128717"}],"wp:attachment":[{"href":"https:\/\/www.caririemacao.com\/1\/wp-json\/wp\/v2\/media?parent=129023"}],"wp:term":[{"taxonomy":"category","embeddable":true,"href":"https:\/\/www.caririemacao.com\/1\/wp-json\/wp\/v2\/categories?post=129023"},{"taxonomy":"post_tag","embeddable":true,"href":"https:\/\/www.caririemacao.com\/1\/wp-json\/wp\/v2\/tags?post=129023"}],"curies":[{"name":"wp","href":"https:\/\/api.w.org\/{rel}","templated":true}]}}