{"id":129047,"date":"2019-10-23T08:28:09","date_gmt":"2019-10-23T11:28:09","guid":{"rendered":"http:\/\/www.caririemacao.com\/1\/?p=129047"},"modified":"2019-10-23T08:28:09","modified_gmt":"2019-10-23T11:28:09","slug":"nao-articulei-nada-foi-o-delegado-waldir-ironiza-bolsonaro-sobre-previdencia","status":"publish","type":"post","link":"https:\/\/www.caririemacao.com\/1\/2019\/10\/23\/nao-articulei-nada-foi-o-delegado-waldir-ironiza-bolsonaro-sobre-previdencia\/","title":{"rendered":"N\u00e3o articulei nada, foi o Delegado Waldir&#8217;, ironiza Bolsonaro sobre Previd\u00eancia"},"content":{"rendered":"\n<p>O presidente Jair Bolsonaro comemorou nesta ter\u00e7a-feira (22) a aprova\u00e7\u00e3o do texto-base da reforma previdenci\u00e1ria pelo Senado e aproveitou para ironizar o deputado federal Delegado Waldir (GO), ex-l\u00edder do PSL na C\u00e2mara, que o xingou de vagabundo na semana passada.<\/p>\n\n\n\n<p>Em T\u00f3quio, onde se re\u00fane com empres\u00e1rios japoneses e brasileiros, Bolsonaro fez piada com a cr\u00edtica de que n\u00e3o sabe articular politicamente. O placar no plen\u00e1rio do Senado foi de 60 a 19.<\/p>\n\n\n\n<p>&#8220;Foi 60 para a gente. N\u00e3o articulei nada, n\u00e3o sei articular. Quem articulou foi o Delegado Waldir&#8221;, afirmou, sob risos.<\/p>\n\n\n\n<p>Em mensagem nas redes sociais, o presidente destacou avaliou a aprova\u00e7\u00e3o do texto-base como uma vit\u00f3ria.<\/p>\n\n\n\n<p>&#8220;Parab\u00e9ns povo brasileiro. Essa vit\u00f3ria, que abre o caminho para nosso pa\u00eds decolar de vez, \u00e9 de todos voc\u00eas. O Brasil \u00e9 nosso&#8221;, escreveu.<\/p>\n\n\n\n<p>Depois que o segundo turno for conclu\u00eddo, a reestrutura\u00e7\u00e3o das regras de aposentadorias e pens\u00f5es vai \u00e0 promulga\u00e7\u00e3o, quando passar\u00e1 a valer.<br>A reforma deve atingir mais de 72 milh\u00f5es de pessoas, entre trabalhadores da iniciativa privada e servidores p\u00fablicos.<\/p>\n\n\n\n<p>O governo espera concluir a vota\u00e7\u00e3o da proposta ainda na noite desta ter\u00e7a. Mas a PEC (Proposta de Emenda \u00e0 Constitui\u00e7\u00e3o) s\u00f3 deve ser promulgada quando Bolsonaro voltar ao Brasil, em novembro.<\/p>\n\n\n\n<p>Bolsonaro enviou a proposta ao Congresso em 20 de fevereiro. Foi necess\u00e1rio, portanto, negociar por pouco mais de oito meses com o Congresso, respons\u00e1vel por aprovar a reforma da Previd\u00eancia.<\/p>\n\n\n\n<p>O presidente, contudo, ficou distante da articula\u00e7\u00e3o e convencimento de parlamentares em favor do projeto.<\/p>\n","protected":false},"excerpt":{"rendered":"<p>O presidente Jair Bolsonaro comemorou nesta ter\u00e7a-feira (22) a aprova\u00e7\u00e3o do texto-base da reforma previdenci\u00e1ria pelo Senado e aproveitou para ironizar o deputado federal Delegado&hellip; <\/p>\n","protected":false},"author":1,"featured_media":124188,"comment_status":"closed","ping_status":"closed","sticky":false,"template":"","format":"standard","meta":{"sfsi_plus_gutenberg_text_before_share":"","sfsi_plus_gutenberg_show_text_before_share":"","sfsi_plus_gutenberg_icon_type":"","sfsi_plus_gutenberg_icon_alignemt":"","sfsi_plus_gutenburg_max_per_row":"","footnotes":""},"categories":[11],"tags":[],"class_list":["post-129047","post","type-post","status-publish","format-standard","has-post-thumbnail","hentry","category-politica"],"_links":{"self":[{"href":"https:\/\/www.caririemacao.com\/1\/wp-json\/wp\/v2\/posts\/129047","targetHints":{"allow":["GET"]}}],"collection":[{"href":"https:\/\/www.caririemacao.com\/1\/wp-json\/wp\/v2\/posts"}],"about":[{"href":"https:\/\/www.caririemacao.com\/1\/wp-json\/wp\/v2\/types\/post"}],"author":[{"embeddable":true,"href":"https:\/\/www.caririemacao.com\/1\/wp-json\/wp\/v2\/users\/1"}],"replies":[{"embeddable":true,"href":"https:\/\/www.caririemacao.com\/1\/wp-json\/wp\/v2\/comments?post=129047"}],"version-history":[{"count":1,"href":"https:\/\/www.caririemacao.com\/1\/wp-json\/wp\/v2\/posts\/129047\/revisions"}],"predecessor-version":[{"id":129048,"href":"https:\/\/www.caririemacao.com\/1\/wp-json\/wp\/v2\/posts\/129047\/revisions\/129048"}],"wp:featuredmedia":[{"embeddable":true,"href":"https:\/\/www.caririemacao.com\/1\/wp-json\/wp\/v2\/media\/124188"}],"wp:attachment":[{"href":"https:\/\/www.caririemacao.com\/1\/wp-json\/wp\/v2\/media?parent=129047"}],"wp:term":[{"taxonomy":"category","embeddable":true,"href":"https:\/\/www.caririemacao.com\/1\/wp-json\/wp\/v2\/categories?post=129047"},{"taxonomy":"post_tag","embeddable":true,"href":"https:\/\/www.caririemacao.com\/1\/wp-json\/wp\/v2\/tags?post=129047"}],"curies":[{"name":"wp","href":"https:\/\/api.w.org\/{rel}","templated":true}]}}