{"id":129050,"date":"2019-10-23T09:46:46","date_gmt":"2019-10-23T12:46:46","guid":{"rendered":"http:\/\/www.caririemacao.com\/1\/?p=129050"},"modified":"2019-10-23T09:46:46","modified_gmt":"2019-10-23T12:46:46","slug":"bolsonaro-decide-indicar-nestor-forster-para-embaixada-nos-estados-unidos","status":"publish","type":"post","link":"https:\/\/www.caririemacao.com\/1\/2019\/10\/23\/bolsonaro-decide-indicar-nestor-forster-para-embaixada-nos-estados-unidos\/","title":{"rendered":"Bolsonaro decide indicar Nestor Forster para embaixada nos Estados Unidos"},"content":{"rendered":"\n<p> Com a desist\u00eancia do deputado federal Eduardo Bolsonaro (PSL-SP), o presidente Jair Bolsonaro decidiu indicar o encarregado de neg\u00f3cios Nestor Forster para o posto de embaixador do Brasil nos Estados Unidos.<br>O diplomata, que \u00e9 pr\u00f3ximo ao escritor Olavo de Carvalho e ao chanceler Ernesto Ara\u00fajo, era o primeiro nome cotado para a fun\u00e7\u00e3o, mas acabou n\u00e3o sendo efetivado ap\u00f3s o presidente ter tomado a decis\u00e3o de indicar seu filho.<\/p>\n\n\n\n<p>Segundo relatos feitos \u00e0 Folha de S.Paulo, Bolsonaro informou a assessores presidenciais que pretende enviar a indica\u00e7\u00e3o do diplomata ao Senado Federal assim que retornar ao Brasil, em novembro, e que Forster j\u00e1 foi sondado e avisado da inten\u00e7\u00e3o.<\/p>\n\n\n\n<p>&#8220;J\u00e1 temos o nome, pronto para ser anunciado, e aguardamos os pr\u00f3ximos dias, porque depende dele aceitar o convite tamb\u00e9m&#8221;, disse. &#8220;Pode ser o Nestor Forster, um bom nome&#8221;, acrescentou.<\/p>\n\n\n\n<p>Em conversas reservadas, o presidente disse ainda que a afinidade ideol\u00f3gica de Forster com o seu governo foi um fator determinante para a escolha.<\/p>\n\n\n\n<p>Na recente crise ambiental, ap\u00f3s a s\u00e9rie de queimadas na floresta amaz\u00f4nica, por exemplo, Forster disse que \u00e9 &#8220;desonesto&#8221; relacionar o epis\u00f3dio \u00e0 pol\u00edtica do governo e chamou de uma &#8220;histeria injustificada&#8221; a repercuss\u00e3o negativa no exterior.<\/p>\n\n\n\n<p>Na segunda-feira (21), antes de Eduardo optar permanecer no Brasil e ser l\u00edder do PSL na C\u00e2mara dos Deputados, o presidente j\u00e1 havia sinalizado que o diplomata era o seu nome favorito para assumir o posto.&nbsp;<\/p>\n\n\n\n<p>No in\u00edcio do ano, o diplomata foi promovido ao posto de ministro de primeira classe, tornando-se apto a assumir uma embaixada. Foi Forster quem apresentou Olavo para Ara\u00fajo. Desde abril, quando Sergio Amaral foi removido para S\u00e3o Paulo, Forster teve participa\u00e7\u00f5es em reuni\u00f5es importantes do governo brasileiro nos Estados Unidos.<\/p>\n\n\n\n<p>Ele estava presente, por exemplo, no encontro de Ara\u00fajo com integrantes da alta c\u00fapula do governo de Donald Trump, como o secret\u00e1rio Mike Pompeo. E ajudou a costurar a reuni\u00e3o de Bolsonaro com Trump durante a c\u00fapula do G20.<\/p>\n","protected":false},"excerpt":{"rendered":"<p>Com a desist\u00eancia do deputado federal Eduardo Bolsonaro (PSL-SP), o presidente Jair Bolsonaro decidiu indicar o encarregado de neg\u00f3cios Nestor Forster para o posto de&hellip; <\/p>\n","protected":false},"author":1,"featured_media":110902,"comment_status":"closed","ping_status":"closed","sticky":false,"template":"","format":"standard","meta":{"sfsi_plus_gutenberg_text_before_share":"","sfsi_plus_gutenberg_show_text_before_share":"","sfsi_plus_gutenberg_icon_type":"","sfsi_plus_gutenberg_icon_alignemt":"","sfsi_plus_gutenburg_max_per_row":"","footnotes":""},"categories":[11],"tags":[],"class_list":["post-129050","post","type-post","status-publish","format-standard","has-post-thumbnail","hentry","category-politica"],"_links":{"self":[{"href":"https:\/\/www.caririemacao.com\/1\/wp-json\/wp\/v2\/posts\/129050","targetHints":{"allow":["GET"]}}],"collection":[{"href":"https:\/\/www.caririemacao.com\/1\/wp-json\/wp\/v2\/posts"}],"about":[{"href":"https:\/\/www.caririemacao.com\/1\/wp-json\/wp\/v2\/types\/post"}],"author":[{"embeddable":true,"href":"https:\/\/www.caririemacao.com\/1\/wp-json\/wp\/v2\/users\/1"}],"replies":[{"embeddable":true,"href":"https:\/\/www.caririemacao.com\/1\/wp-json\/wp\/v2\/comments?post=129050"}],"version-history":[{"count":1,"href":"https:\/\/www.caririemacao.com\/1\/wp-json\/wp\/v2\/posts\/129050\/revisions"}],"predecessor-version":[{"id":129051,"href":"https:\/\/www.caririemacao.com\/1\/wp-json\/wp\/v2\/posts\/129050\/revisions\/129051"}],"wp:featuredmedia":[{"embeddable":true,"href":"https:\/\/www.caririemacao.com\/1\/wp-json\/wp\/v2\/media\/110902"}],"wp:attachment":[{"href":"https:\/\/www.caririemacao.com\/1\/wp-json\/wp\/v2\/media?parent=129050"}],"wp:term":[{"taxonomy":"category","embeddable":true,"href":"https:\/\/www.caririemacao.com\/1\/wp-json\/wp\/v2\/categories?post=129050"},{"taxonomy":"post_tag","embeddable":true,"href":"https:\/\/www.caririemacao.com\/1\/wp-json\/wp\/v2\/tags?post=129050"}],"curies":[{"name":"wp","href":"https:\/\/api.w.org\/{rel}","templated":true}]}}