{"id":129063,"date":"2019-10-23T09:52:49","date_gmt":"2019-10-23T12:52:49","guid":{"rendered":"http:\/\/www.caririemacao.com\/1\/?p=129063"},"modified":"2019-10-23T09:52:49","modified_gmt":"2019-10-23T12:52:49","slug":"homem-e-agredido-e-leva-quatro-tiros-apos-beijar-companheiro-na-bahia","status":"publish","type":"post","link":"https:\/\/www.caririemacao.com\/1\/2019\/10\/23\/homem-e-agredido-e-leva-quatro-tiros-apos-beijar-companheiro-na-bahia\/","title":{"rendered":"Homem \u00e9 agredido e leva quatro tiros ap\u00f3s beijar companheiro na Bahia"},"content":{"rendered":"\n<p>Um homem de 33 anos foi agredido e levou quatro tiros depois de beijar o companheiro em um bar da cidade de Cama\u00e7ari, na regi\u00e3o metropolitana de Salvador, na noite deste domingo (20).<br><\/p>\n\n\n\n<p>O caso est\u00e1 sendo investigado como suposto crime de homofobia.<\/p>\n\n\n\n<p>Segundo a Secretaria de Justi\u00e7a, Direitos Humanos e Desenvolvimento Social da Bahia, o jovem identificado como Marcelo Macedo estava em um estabelecimento quando ao beijar o companheiro um indiv\u00edduo n\u00e3o identificado se aproximou e fez coment\u00e1rios homof\u00f3bicos.&nbsp;<\/p>\n\n\n\n<p>Houve discuss\u00e3o e em seguida o homem sacou uma arma e disparou contra a v\u00edtima.<br>Em entrevista a Globo, a delegada que investiga o caso, Thais Siqueira, disse que conversou com Macedo e ele confirmou que a motiva\u00e7\u00e3o do crime foi pela sua condi\u00e7\u00e3o sexual.&nbsp;<\/p>\n\n\n\n<p>Segundo a v\u00edtima, no momento da discuss\u00e3o ele foi agredido por v\u00e1rias pessoas e caiu no ch\u00e3o. Ao se levantar levou quatro tiros. Os disparos atingiram um de seus bra\u00e7os e o abd\u00f4men.<\/p>\n\n\n\n<p>Macedo foi socorrido e est\u00e1 internado no Hospital Geral de Cama\u00e7ari. De acordo com a delegada, ele passou por uma cirurgia e est\u00e1 fora de perigo. Os disparos atingiram o ba\u00e7o, o f\u00edgado e os rins.&nbsp;<\/p>\n\n\n\n<p>Nas redes sociais, um amigo relatou o caso e postou uma foto de Macedo no hospital.<br>No dia 13 de junho, o STF (Supremo Tribunal Federal) concluiu o julgamento que enquadrou a homofobia e a transfobia na lei dos crimes de racismo. O Congresso Nacional ainda deve aprovar uma legisla\u00e7\u00e3o sobre o tema.<\/p>\n","protected":false},"excerpt":{"rendered":"<p>Um homem de 33 anos foi agredido e levou quatro tiros depois de beijar o companheiro em um bar da cidade de Cama\u00e7ari, na regi\u00e3o&hellip; <\/p>\n","protected":false},"author":1,"featured_media":129064,"comment_status":"closed","ping_status":"closed","sticky":false,"template":"","format":"standard","meta":{"sfsi_plus_gutenberg_text_before_share":"","sfsi_plus_gutenberg_show_text_before_share":"","sfsi_plus_gutenberg_icon_type":"","sfsi_plus_gutenberg_icon_alignemt":"","sfsi_plus_gutenburg_max_per_row":"","footnotes":""},"categories":[12],"tags":[],"class_list":["post-129063","post","type-post","status-publish","format-standard","has-post-thumbnail","hentry","category-policia"],"_links":{"self":[{"href":"https:\/\/www.caririemacao.com\/1\/wp-json\/wp\/v2\/posts\/129063","targetHints":{"allow":["GET"]}}],"collection":[{"href":"https:\/\/www.caririemacao.com\/1\/wp-json\/wp\/v2\/posts"}],"about":[{"href":"https:\/\/www.caririemacao.com\/1\/wp-json\/wp\/v2\/types\/post"}],"author":[{"embeddable":true,"href":"https:\/\/www.caririemacao.com\/1\/wp-json\/wp\/v2\/users\/1"}],"replies":[{"embeddable":true,"href":"https:\/\/www.caririemacao.com\/1\/wp-json\/wp\/v2\/comments?post=129063"}],"version-history":[{"count":1,"href":"https:\/\/www.caririemacao.com\/1\/wp-json\/wp\/v2\/posts\/129063\/revisions"}],"predecessor-version":[{"id":129065,"href":"https:\/\/www.caririemacao.com\/1\/wp-json\/wp\/v2\/posts\/129063\/revisions\/129065"}],"wp:featuredmedia":[{"embeddable":true,"href":"https:\/\/www.caririemacao.com\/1\/wp-json\/wp\/v2\/media\/129064"}],"wp:attachment":[{"href":"https:\/\/www.caririemacao.com\/1\/wp-json\/wp\/v2\/media?parent=129063"}],"wp:term":[{"taxonomy":"category","embeddable":true,"href":"https:\/\/www.caririemacao.com\/1\/wp-json\/wp\/v2\/categories?post=129063"},{"taxonomy":"post_tag","embeddable":true,"href":"https:\/\/www.caririemacao.com\/1\/wp-json\/wp\/v2\/tags?post=129063"}],"curies":[{"name":"wp","href":"https:\/\/api.w.org\/{rel}","templated":true}]}}