{"id":129069,"date":"2019-10-23T09:55:44","date_gmt":"2019-10-23T12:55:44","guid":{"rendered":"http:\/\/www.caririemacao.com\/1\/?p=129069"},"modified":"2019-10-23T09:55:44","modified_gmt":"2019-10-23T12:55:44","slug":"brasil-e-china-querem-criar-netflix-dos-brics","status":"publish","type":"post","link":"https:\/\/www.caririemacao.com\/1\/2019\/10\/23\/brasil-e-china-querem-criar-netflix-dos-brics\/","title":{"rendered":"Brasil e China querem criar &#8216;Netflix dos Brics&#8217;"},"content":{"rendered":"\n<p>Os governos brasileiro e chin\u00eas est\u00e3o discutindo a cria\u00e7\u00e3o de dois canais de filmes: um de produ\u00e7\u00f5es feitas nos pa\u00edses dos Brics (Brasil, \u00cdndia, China e \u00c1frica do Sul) e outro apenas de v\u00eddeos brasileiros e chineses.<\/p>\n\n\n\n<p>O assunto foi debatido entre o ministro da Cidadania, Osmar Terra, e autoridades chinesas durante as reuni\u00f5es preparat\u00f3rias para a visita do presidente Jair Bolsonaro (PSL), que chega nesta quinta-feira (24) a Pequim.<\/p>\n\n\n\n<p>Os novos canais utilizariam a tecnologia streaming, em que o telespectador escolhe o que vai assistir e quando.<\/p>\n\n\n\n<p>Segundo Terra, o objetivo \u00e9 estimular co-produ\u00e7\u00f5es de Brasil e China, atraindo capital chin\u00eas para o cinema brasileiro, al\u00e9m de abrir um mercado de 600 milh\u00f5es de chineses que assistem v\u00eddeos sob demanda.<\/p>\n\n\n\n<p>Questionado se a censura chinesa seria um problema, j\u00e1 que o pa\u00eds \u00e9 comunista e controlado por um partido \u00fanico, o ministro afirmou que n\u00e3o.<\/p>\n\n\n\n<p>&#8220;Os chineses v\u00e3o decidir que projetos querem financiar e nossos produtores v\u00e3o se submeter ou n\u00e3o. O que queremos \u00e9 abrir esse mercado&#8221;, afirmou.<\/p>\n\n\n\n<p>Na opini\u00e3o de Terra, o cinema brasileiro \u00e9 muito &#8220;dependente&#8221; dos recursos do fundo setorial, que chegam a cerca de R$ 1,5 bilh\u00e3o por ano.<\/p>\n\n\n\n<p>O surgimento do canal dos Brics dificilmente ser\u00e1 anunciado durante a visita de Bolsonaro a China. O mais prov\u00e1vel \u00e9 que o assunto continue sendo discutido em novembro no encontro de pa\u00edses do bloco em Bras\u00edlia, para o qual est\u00e1 prevista a presen\u00e7a do presidente chin\u00eas Xi Jiping.<\/p>\n","protected":false},"excerpt":{"rendered":"<p>Os governos brasileiro e chin\u00eas est\u00e3o discutindo a cria\u00e7\u00e3o de dois canais de filmes: um de produ\u00e7\u00f5es feitas nos pa\u00edses dos Brics (Brasil, \u00cdndia, China&hellip; <\/p>\n","protected":false},"author":1,"featured_media":129070,"comment_status":"closed","ping_status":"closed","sticky":false,"template":"","format":"standard","meta":{"sfsi_plus_gutenberg_text_before_share":"","sfsi_plus_gutenberg_show_text_before_share":"","sfsi_plus_gutenberg_icon_type":"","sfsi_plus_gutenberg_icon_alignemt":"","sfsi_plus_gutenburg_max_per_row":"","footnotes":""},"categories":[2],"tags":[],"class_list":["post-129069","post","type-post","status-publish","format-standard","has-post-thumbnail","hentry","category-geral"],"_links":{"self":[{"href":"https:\/\/www.caririemacao.com\/1\/wp-json\/wp\/v2\/posts\/129069","targetHints":{"allow":["GET"]}}],"collection":[{"href":"https:\/\/www.caririemacao.com\/1\/wp-json\/wp\/v2\/posts"}],"about":[{"href":"https:\/\/www.caririemacao.com\/1\/wp-json\/wp\/v2\/types\/post"}],"author":[{"embeddable":true,"href":"https:\/\/www.caririemacao.com\/1\/wp-json\/wp\/v2\/users\/1"}],"replies":[{"embeddable":true,"href":"https:\/\/www.caririemacao.com\/1\/wp-json\/wp\/v2\/comments?post=129069"}],"version-history":[{"count":1,"href":"https:\/\/www.caririemacao.com\/1\/wp-json\/wp\/v2\/posts\/129069\/revisions"}],"predecessor-version":[{"id":129071,"href":"https:\/\/www.caririemacao.com\/1\/wp-json\/wp\/v2\/posts\/129069\/revisions\/129071"}],"wp:featuredmedia":[{"embeddable":true,"href":"https:\/\/www.caririemacao.com\/1\/wp-json\/wp\/v2\/media\/129070"}],"wp:attachment":[{"href":"https:\/\/www.caririemacao.com\/1\/wp-json\/wp\/v2\/media?parent=129069"}],"wp:term":[{"taxonomy":"category","embeddable":true,"href":"https:\/\/www.caririemacao.com\/1\/wp-json\/wp\/v2\/categories?post=129069"},{"taxonomy":"post_tag","embeddable":true,"href":"https:\/\/www.caririemacao.com\/1\/wp-json\/wp\/v2\/tags?post=129069"}],"curies":[{"name":"wp","href":"https:\/\/api.w.org\/{rel}","templated":true}]}}