{"id":129077,"date":"2019-10-23T09:59:07","date_gmt":"2019-10-23T12:59:07","guid":{"rendered":"http:\/\/www.caririemacao.com\/1\/?p=129077"},"modified":"2019-10-23T09:59:07","modified_gmt":"2019-10-23T12:59:07","slug":"expectativa-dos-consumidores-para-inflacao-anual-cai-em-outubro","status":"publish","type":"post","link":"https:\/\/www.caririemacao.com\/1\/2019\/10\/23\/expectativa-dos-consumidores-para-inflacao-anual-cai-em-outubro\/","title":{"rendered":"Expectativa dos consumidores para infla\u00e7\u00e3o anual cai em outubro"},"content":{"rendered":"\n<p>Os consumidores esperam uma infla\u00e7\u00e3o de 4,9% para os pr\u00f3ximos 12 meses. O \u00edndice divulgado hoje (23) pela Funda\u00e7\u00e3o Get\u00falio Vargas (FGV) recuou 0,8 ponto percentual em rela\u00e7\u00e3o a outubro de 2018. Segundo a FGV, o \u00edndice ficou muito pr\u00f3ximo do valor hist\u00f3rico de 4,8%, registrado em julho de 2007.<\/p>\n\n\n\n<p>A pesquisa da FGV mostra que 43,2% dos consumidores acreditam que a infla\u00e7\u00e3o nos pr\u00f3ximos 12 meses ficar\u00e1 entre 2,75% e 4,25%. Enquanto que 31,9% esperam um aumento nos pre\u00e7os da economia nacional acima dos 5,75%.<\/p>\n\n\n\n<p>Quem tem renda familiar at\u00e9 R$ 2,1 mil acredita que a infla\u00e7\u00e3o ser\u00e1 de 5,9% nos pr\u00f3ximos 12 meses. Enquanto os consumidores na faixa acima dos R$ 9,6 mil mensais esperam um \u00edndice de 4%.<\/p>\n","protected":false},"excerpt":{"rendered":"<p>Os consumidores esperam uma infla\u00e7\u00e3o de 4,9% para os pr\u00f3ximos 12 meses. O \u00edndice divulgado hoje (23) pela Funda\u00e7\u00e3o Get\u00falio Vargas (FGV) recuou 0,8 ponto&hellip; <\/p>\n","protected":false},"author":1,"featured_media":129078,"comment_status":"closed","ping_status":"closed","sticky":false,"template":"","format":"standard","meta":{"sfsi_plus_gutenberg_text_before_share":"","sfsi_plus_gutenberg_show_text_before_share":"","sfsi_plus_gutenberg_icon_type":"","sfsi_plus_gutenberg_icon_alignemt":"","sfsi_plus_gutenburg_max_per_row":"","footnotes":""},"categories":[2],"tags":[],"class_list":["post-129077","post","type-post","status-publish","format-standard","has-post-thumbnail","hentry","category-geral"],"_links":{"self":[{"href":"https:\/\/www.caririemacao.com\/1\/wp-json\/wp\/v2\/posts\/129077","targetHints":{"allow":["GET"]}}],"collection":[{"href":"https:\/\/www.caririemacao.com\/1\/wp-json\/wp\/v2\/posts"}],"about":[{"href":"https:\/\/www.caririemacao.com\/1\/wp-json\/wp\/v2\/types\/post"}],"author":[{"embeddable":true,"href":"https:\/\/www.caririemacao.com\/1\/wp-json\/wp\/v2\/users\/1"}],"replies":[{"embeddable":true,"href":"https:\/\/www.caririemacao.com\/1\/wp-json\/wp\/v2\/comments?post=129077"}],"version-history":[{"count":1,"href":"https:\/\/www.caririemacao.com\/1\/wp-json\/wp\/v2\/posts\/129077\/revisions"}],"predecessor-version":[{"id":129079,"href":"https:\/\/www.caririemacao.com\/1\/wp-json\/wp\/v2\/posts\/129077\/revisions\/129079"}],"wp:featuredmedia":[{"embeddable":true,"href":"https:\/\/www.caririemacao.com\/1\/wp-json\/wp\/v2\/media\/129078"}],"wp:attachment":[{"href":"https:\/\/www.caririemacao.com\/1\/wp-json\/wp\/v2\/media?parent=129077"}],"wp:term":[{"taxonomy":"category","embeddable":true,"href":"https:\/\/www.caririemacao.com\/1\/wp-json\/wp\/v2\/categories?post=129077"},{"taxonomy":"post_tag","embeddable":true,"href":"https:\/\/www.caririemacao.com\/1\/wp-json\/wp\/v2\/tags?post=129077"}],"curies":[{"name":"wp","href":"https:\/\/api.w.org\/{rel}","templated":true}]}}