{"id":129092,"date":"2019-10-23T10:35:22","date_gmt":"2019-10-23T13:35:22","guid":{"rendered":"http:\/\/www.caririemacao.com\/1\/?p=129092"},"modified":"2019-10-23T10:35:22","modified_gmt":"2019-10-23T13:35:22","slug":"stf-retoma-julgamento-sobre-prisao-em-2a-instancia-que-pode-beneficiar-lula","status":"publish","type":"post","link":"https:\/\/www.caririemacao.com\/1\/2019\/10\/23\/stf-retoma-julgamento-sobre-prisao-em-2a-instancia-que-pode-beneficiar-lula\/","title":{"rendered":"STF retoma julgamento sobre pris\u00e3o em 2\u00aa inst\u00e2ncia que pode beneficiar Lula"},"content":{"rendered":"\n<p>&nbsp;O Supremo Tribunal Federal retomou na manh\u00e3 desta quarta-feira (23) o julgamento da constitucionalidade da pris\u00e3o de condenados em segunda inst\u00e2ncia.<br><\/p>\n\n\n\n<p>A sess\u00e3o teve in\u00edcio com as sustenta\u00e7\u00f5es orais de dois &#8220;amici curiae&#8221; (amigos da corte, em latim), da AGU (Advocacia-Geral da Uni\u00e3o) e da PGR (Procuradoria-Geral da Rep\u00fablica).<\/p>\n\n\n\n<p>Em seguida, \u00e9 a vez do relator das a\u00e7\u00f5es sobre o tema, ministro Marco Aur\u00e9lio, ler seu voto. Ele \u00e9 um dos mais ferrenhos defensores da tese de que a Constitui\u00e7\u00e3o exige que se esgotem todos os recursos antes da execu\u00e7\u00e3o da pena de um condenado, entendimento que pode beneficiar o ex-presidente Lula, preso em Curitiba desde abril de 2018.<\/p>\n\n\n\n<p>Como nas vezes anteriores que abordou o tema, o Supremo est\u00e1 dividido: h\u00e1 ministros que defendem a pris\u00e3o em segunda inst\u00e2ncia e ministros que entendem que \u00e9 preciso esperar o tr\u00e2nsito em julgado (quando se esgotam os recursos).<\/p>\n\n\n\n<figure><iframe data-src=\"https:\/\/www.youtube.com\/embed\/oFjGBkkbCnE\" allowfullscreen=\"\" width=\"727\" height=\"409\" src=\"data:image\/svg+xml;base64,PHN2ZyB3aWR0aD0iMSIgaGVpZ2h0PSIxIiB4bWxucz0iaHR0cDovL3d3dy53My5vcmcvMjAwMC9zdmciPjwvc3ZnPg==\" class=\"lazyload\" data-load-mode=\"1\"><\/iframe><\/figure>\n\n\n\n<p>H\u00e1 ainda uma proposta intermedi\u00e1ria feita em 2016 por Dias Toffoli, hoje presidente do STF, para permitir a execu\u00e7\u00e3o da pena ap\u00f3s o julgamento do recurso no STJ (Superior Tribunal de Justi\u00e7a), que \u00e9 considerado uma terceira inst\u00e2ncia.<\/p>\n\n\n\n<p>A ideia de Toffoli n\u00e3o afetaria o caso de Lula, que foi condenado pelo STJ em abril deste ano. Essa possibilidade, contudo, tem perdido apoio entre integrantes do Supremo.<br><\/p>\n","protected":false},"excerpt":{"rendered":"<p>&nbsp;O Supremo Tribunal Federal retomou na manh\u00e3 desta quarta-feira (23) o julgamento da constitucionalidade da pris\u00e3o de condenados em segunda inst\u00e2ncia. A sess\u00e3o teve in\u00edcio&hellip; <\/p>\n","protected":false},"author":1,"featured_media":112613,"comment_status":"closed","ping_status":"closed","sticky":false,"template":"","format":"standard","meta":{"sfsi_plus_gutenberg_text_before_share":"","sfsi_plus_gutenberg_show_text_before_share":"","sfsi_plus_gutenberg_icon_type":"","sfsi_plus_gutenberg_icon_alignemt":"","sfsi_plus_gutenburg_max_per_row":"","footnotes":""},"categories":[2],"tags":[],"class_list":["post-129092","post","type-post","status-publish","format-standard","has-post-thumbnail","hentry","category-geral"],"_links":{"self":[{"href":"https:\/\/www.caririemacao.com\/1\/wp-json\/wp\/v2\/posts\/129092","targetHints":{"allow":["GET"]}}],"collection":[{"href":"https:\/\/www.caririemacao.com\/1\/wp-json\/wp\/v2\/posts"}],"about":[{"href":"https:\/\/www.caririemacao.com\/1\/wp-json\/wp\/v2\/types\/post"}],"author":[{"embeddable":true,"href":"https:\/\/www.caririemacao.com\/1\/wp-json\/wp\/v2\/users\/1"}],"replies":[{"embeddable":true,"href":"https:\/\/www.caririemacao.com\/1\/wp-json\/wp\/v2\/comments?post=129092"}],"version-history":[{"count":1,"href":"https:\/\/www.caririemacao.com\/1\/wp-json\/wp\/v2\/posts\/129092\/revisions"}],"predecessor-version":[{"id":129094,"href":"https:\/\/www.caririemacao.com\/1\/wp-json\/wp\/v2\/posts\/129092\/revisions\/129094"}],"wp:featuredmedia":[{"embeddable":true,"href":"https:\/\/www.caririemacao.com\/1\/wp-json\/wp\/v2\/media\/112613"}],"wp:attachment":[{"href":"https:\/\/www.caririemacao.com\/1\/wp-json\/wp\/v2\/media?parent=129092"}],"wp:term":[{"taxonomy":"category","embeddable":true,"href":"https:\/\/www.caririemacao.com\/1\/wp-json\/wp\/v2\/categories?post=129092"},{"taxonomy":"post_tag","embeddable":true,"href":"https:\/\/www.caririemacao.com\/1\/wp-json\/wp\/v2\/tags?post=129092"}],"curies":[{"name":"wp","href":"https:\/\/api.w.org\/{rel}","templated":true}]}}