{"id":129103,"date":"2019-10-23T10:37:14","date_gmt":"2019-10-23T13:37:14","guid":{"rendered":"http:\/\/www.caririemacao.com\/1\/?p=129103"},"modified":"2019-10-23T10:37:14","modified_gmt":"2019-10-23T13:37:14","slug":"suspeito-de-roubar-galinhas-e-baleado-em-santa-rita","status":"publish","type":"post","link":"https:\/\/www.caririemacao.com\/1\/2019\/10\/23\/suspeito-de-roubar-galinhas-e-baleado-em-santa-rita\/","title":{"rendered":"Suspeito de roubar galinhas \u00e9 baleado em Santa Rita"},"content":{"rendered":"\n<p>Um homem suspeito de roubar galinhas em uma granja foi baleado, na manh\u00e3 desta quarta-feira (23), no bairro Alto das Populares, em Santa Rita, na Para\u00edba. O propriet\u00e1rio da granja suspeitava que as galinhas estavam desaparecendo.<\/p>\n\n\n\n<p>Quando o suspeito pulou o muro, o vigia do local atirou contra ele. Com o homem foram encontrados tr\u00eas sacos com pelo menos cinco galinhas em cada.<\/p>\n\n\n\n<p>O Samu foi acionado e socorreu o suspeito para o Hospital de Emerg\u00eancia e Trauma de Jo\u00e3o Pessoa. O estado de sa\u00fade n\u00e3o foi divulgado.<\/p>\n","protected":false},"excerpt":{"rendered":"<p>Um homem suspeito de roubar galinhas em uma granja foi baleado, na manh\u00e3 desta quarta-feira (23), no bairro Alto das Populares, em Santa Rita, na&hellip; <\/p>\n","protected":false},"author":1,"featured_media":89162,"comment_status":"closed","ping_status":"closed","sticky":false,"template":"","format":"standard","meta":{"sfsi_plus_gutenberg_text_before_share":"","sfsi_plus_gutenberg_show_text_before_share":"","sfsi_plus_gutenberg_icon_type":"","sfsi_plus_gutenberg_icon_alignemt":"","sfsi_plus_gutenburg_max_per_row":"","footnotes":""},"categories":[12],"tags":[],"class_list":["post-129103","post","type-post","status-publish","format-standard","has-post-thumbnail","hentry","category-policia"],"_links":{"self":[{"href":"https:\/\/www.caririemacao.com\/1\/wp-json\/wp\/v2\/posts\/129103","targetHints":{"allow":["GET"]}}],"collection":[{"href":"https:\/\/www.caririemacao.com\/1\/wp-json\/wp\/v2\/posts"}],"about":[{"href":"https:\/\/www.caririemacao.com\/1\/wp-json\/wp\/v2\/types\/post"}],"author":[{"embeddable":true,"href":"https:\/\/www.caririemacao.com\/1\/wp-json\/wp\/v2\/users\/1"}],"replies":[{"embeddable":true,"href":"https:\/\/www.caririemacao.com\/1\/wp-json\/wp\/v2\/comments?post=129103"}],"version-history":[{"count":1,"href":"https:\/\/www.caririemacao.com\/1\/wp-json\/wp\/v2\/posts\/129103\/revisions"}],"predecessor-version":[{"id":129105,"href":"https:\/\/www.caririemacao.com\/1\/wp-json\/wp\/v2\/posts\/129103\/revisions\/129105"}],"wp:featuredmedia":[{"embeddable":true,"href":"https:\/\/www.caririemacao.com\/1\/wp-json\/wp\/v2\/media\/89162"}],"wp:attachment":[{"href":"https:\/\/www.caririemacao.com\/1\/wp-json\/wp\/v2\/media?parent=129103"}],"wp:term":[{"taxonomy":"category","embeddable":true,"href":"https:\/\/www.caririemacao.com\/1\/wp-json\/wp\/v2\/categories?post=129103"},{"taxonomy":"post_tag","embeddable":true,"href":"https:\/\/www.caririemacao.com\/1\/wp-json\/wp\/v2\/tags?post=129103"}],"curies":[{"name":"wp","href":"https:\/\/api.w.org\/{rel}","templated":true}]}}