{"id":129104,"date":"2019-10-23T10:39:11","date_gmt":"2019-10-23T13:39:11","guid":{"rendered":"http:\/\/www.caririemacao.com\/1\/?p=129104"},"modified":"2019-10-23T10:39:11","modified_gmt":"2019-10-23T13:39:11","slug":"prefeito-de-congo-chama-vereadores-de-sua-base-de-fuleiros","status":"publish","type":"post","link":"https:\/\/www.caririemacao.com\/1\/2019\/10\/23\/prefeito-de-congo-chama-vereadores-de-sua-base-de-fuleiros\/","title":{"rendered":"Prefeito de Congo chama vereadores de sua base de &#8216;fuleiros&#8217;"},"content":{"rendered":"\n<p>Nessa ter\u00e7a dia 22 de outubro, o Prefeito do Congo, J\u00fanior Quirino, se alterou completamente e perdeu as estribeiras em reuni\u00e3o na comunidade de Santa Rita de Cima, convocada para discutir as prioridades para a LOA 2020.  O prefeito se alterou quando o vereador Aderaldo falou que \u00e0s reuni\u00f5es para defini\u00e7\u00e3o do or\u00e7amento deveriam ter sido feitas antes do Projeto de Lei or\u00e7ament\u00e1ria ter sido enviada para C\u00e2mara, assim como reza a legisla\u00e7\u00e3o e que as decis\u00f5es tomadas nas reuni\u00e3o pelo povo n\u00e3o servir\u00e3o para o ano de 2020, at\u00e9 porque a Lei Or\u00e7ament\u00e1ria j\u00e1 est\u00e1 em vota\u00e7\u00e3o, inclusive j\u00e1 foi aprovada em primeiro turno. <\/p>\n\n\n\n<figure class=\"wp-block-image\"><img fetchpriority=\"high\" decoding=\"async\" width=\"1024\" height=\"682\" src=\"http:\/\/www.caririemacao.com\/1\/wp-content\/uploads\/2019\/06\/CAMARA-CONGO-13-06-19-6-1024x682.jpg\" alt=\"\" class=\"wp-image-100133\" srcset=\"https:\/\/www.caririemacao.com\/1\/wp-content\/uploads\/2019\/06\/CAMARA-CONGO-13-06-19-6-1024x682.jpg 1024w, https:\/\/www.caririemacao.com\/1\/wp-content\/uploads\/2019\/06\/CAMARA-CONGO-13-06-19-6-300x200.jpg 300w, https:\/\/www.caririemacao.com\/1\/wp-content\/uploads\/2019\/06\/CAMARA-CONGO-13-06-19-6-768x512.jpg 768w, https:\/\/www.caririemacao.com\/1\/wp-content\/uploads\/2019\/06\/CAMARA-CONGO-13-06-19-6.jpg 1280w\" sizes=\"(max-width: 1024px) 100vw, 1024px\" \/><\/figure>\n\n\n\n<p>Segundo o vereador Aderaldo Pereira, o termo usado pelo prefeito quando reagiu foi que existe &#8220;meia d\u00fazia de vereadores fuleras&#8221;. <\/p>\n\n\n\n<p>O prefeito se refere \u00e0 seis vereadores eleitos em sua base nas elei\u00e7\u00f5es de 2016 e que se mostram contr\u00e1rios \u00e0 forma que o prefeito vem conduzindo sua gest\u00e3o, inclusive em buscar apoio do grupo que fez oposi\u00e7\u00e3o a ele nas elei\u00e7\u00f5es de 2016, o qual \u00e9 liderado pelo ex-prefeito Zequinha.<\/p>\n","protected":false},"excerpt":{"rendered":"<p>Nessa ter\u00e7a dia 22 de outubro, o Prefeito do Congo, J\u00fanior Quirino, se alterou completamente e perdeu as estribeiras em reuni\u00e3o na comunidade de Santa&hellip; <\/p>\n","protected":false},"author":1,"featured_media":116097,"comment_status":"closed","ping_status":"closed","sticky":false,"template":"","format":"standard","meta":{"sfsi_plus_gutenberg_text_before_share":"","sfsi_plus_gutenberg_show_text_before_share":"","sfsi_plus_gutenberg_icon_type":"","sfsi_plus_gutenberg_icon_alignemt":"","sfsi_plus_gutenburg_max_per_row":"","footnotes":""},"categories":[50,11],"tags":[],"class_list":["post-129104","post","type-post","status-publish","format-standard","has-post-thumbnail","hentry","category-destaque","category-politica"],"_links":{"self":[{"href":"https:\/\/www.caririemacao.com\/1\/wp-json\/wp\/v2\/posts\/129104","targetHints":{"allow":["GET"]}}],"collection":[{"href":"https:\/\/www.caririemacao.com\/1\/wp-json\/wp\/v2\/posts"}],"about":[{"href":"https:\/\/www.caririemacao.com\/1\/wp-json\/wp\/v2\/types\/post"}],"author":[{"embeddable":true,"href":"https:\/\/www.caririemacao.com\/1\/wp-json\/wp\/v2\/users\/1"}],"replies":[{"embeddable":true,"href":"https:\/\/www.caririemacao.com\/1\/wp-json\/wp\/v2\/comments?post=129104"}],"version-history":[{"count":1,"href":"https:\/\/www.caririemacao.com\/1\/wp-json\/wp\/v2\/posts\/129104\/revisions"}],"predecessor-version":[{"id":129111,"href":"https:\/\/www.caririemacao.com\/1\/wp-json\/wp\/v2\/posts\/129104\/revisions\/129111"}],"wp:featuredmedia":[{"embeddable":true,"href":"https:\/\/www.caririemacao.com\/1\/wp-json\/wp\/v2\/media\/116097"}],"wp:attachment":[{"href":"https:\/\/www.caririemacao.com\/1\/wp-json\/wp\/v2\/media?parent=129104"}],"wp:term":[{"taxonomy":"category","embeddable":true,"href":"https:\/\/www.caririemacao.com\/1\/wp-json\/wp\/v2\/categories?post=129104"},{"taxonomy":"post_tag","embeddable":true,"href":"https:\/\/www.caririemacao.com\/1\/wp-json\/wp\/v2\/tags?post=129104"}],"curies":[{"name":"wp","href":"https:\/\/api.w.org\/{rel}","templated":true}]}}