{"id":12911,"date":"2017-02-02T10:41:44","date_gmt":"2017-02-02T13:41:44","guid":{"rendered":"http:\/\/caririemacao.com\/1\/?p=12911"},"modified":"2017-02-02T11:47:15","modified_gmt":"2017-02-02T14:47:15","slug":"psfs-voltam-a-atender-populacao-de-serra-branca-a-partir-dessa-5a-feira","status":"publish","type":"post","link":"https:\/\/www.caririemacao.com\/1\/2017\/02\/02\/psfs-voltam-a-atender-populacao-de-serra-branca-a-partir-dessa-5a-feira\/","title":{"rendered":"PSF\u2019s voltam a atender  popula\u00e7\u00e3o de Serra Branca a partir dessa 5\u00aa feira"},"content":{"rendered":"<p>J\u00e1 est\u00e3o funcionando como rege as normas do Minist\u00e9rio da Sa\u00fade, as equipes de Sa\u00fade da Fam\u00edlia do Munic\u00edpio de Serra Branca.<\/p>\n<p>As 5 equipes (a unidade do centro, a pr\u00f3ximo ao batalh\u00e3o, a do Bairros dos Pereiros, a do Distrito de Santa Luzia e da Regi\u00e3o das Serras), foram apresentadas ontem (quarta feira) pelo Prefeito Souzinha e pela Secret\u00e1ria de Sa\u00fade D\u00e9bora Campos. Os profissionais passaram por um processo de trabalho para melhorar a qualidade da presta\u00e7\u00e3o de servi\u00e7o de sa\u00fade p\u00fablica.<\/p>\n<p>\u201cA nossa palavra de ordem ser\u00e1 zelo. Zelo pela popula\u00e7\u00e3o, pelo servi\u00e7o, pela coisa p\u00fablica e pelos profissionais\u201d disse a Secret\u00e1ria de Sa\u00fade.<\/p>\n<p>O Prefeito Souzinha relatou que n\u00e3o ser\u00e1 f\u00e1cil manter o servi\u00e7o de forma como \u00e9 para ser, pois a sua gest\u00e3o pegou um servi\u00e7o de sa\u00fade praticamente na UTI.<\/p>\n<p>\u201cEntregaram o munic\u00edpio totalmente sucateado e a sa\u00fade na UTI, o hospital praticamente fechado, os sal\u00e1rios atrasados e as unidades de sa\u00fade sem condi\u00e7\u00f5es de atendimento. Mas, \u00a0com muito trabalho e uma equipe eficiente, vamos conseguindo colocar as coisas em ordem\u201d. Pontuou o gestor.<\/p>\n<p>Souzinha tamb\u00e9m foi muito aplaudido quando confirmou o pagamento do m\u00eas de janeiro e que vai fazer investimento na sa\u00fade.<\/p>\n<p>J\u00e1 a coordenadora da Aten\u00e7\u00e3o B\u00e1sica, Tamara Bezerra, anunciou que j\u00e1 est\u00e1 agendado com o engenheiro do munic\u00edpio uma visita as unidades de sa\u00fade para iniciar as reformas necess\u00e1rias.<\/p>\n<p>As 5 equipes come\u00e7am completas com: \u00a0M\u00e9dico, Enfermeira, t\u00e9cnica de Enfermagem, Auxiliar de Consult\u00f3rio Dent\u00e1rio, Dentista, auxiliar de servi\u00e7os gerais e Agentes Comunit\u00e1rios de Sa\u00fade.<\/p>\n<p><strong>CARIRI EM A\u00c7\u00c3O<\/strong><\/p>\n<p>Com Opini\u00e3oPB \/Foto: Google imagens<\/p>\n<p><strong style=\"font-style: inherit;\">Leia mais not\u00edcias em\u00a0<a style=\"font-style: inherit; font-weight: inherit;\" href=\"http:\/\/caririemacao.com\/\">caririemacao.com<\/a>, siga nossa p\u00e1gina no\u00a0<a style=\"font-style: inherit; font-weight: inherit;\" href=\"https:\/\/www.facebook.com\/ads\/growth\/aymt\/homepage\/panel\/redirect\/?data=%7B%22ad_account_ids%22%3A%5B410861159029450%5D%2C%22object_ids%22%3A%5B302749469861083%2C534983029888737%5D%2C%22campaign_ids%22%3A%5B%5D%2C%22selected_ad_account_id%22%3A410861159029450%2C%22selected_object_id%22%3A302749469861083%2C%22selected_time_range%22%3A%22%22%2C%22is_panel_collapsed%22%3A0%2C%22is_advertiser_valid%22%3A0%2C%22section%22%3A%22Object+Section%22%2C%22clicked_target%22%3A%22Selected+Object%22%2C%22event%22%3A%22click%22%7D&amp;redirect_url=https%3A%2F%2Fwww.facebook.com%2FCaririEmAcao%2F%3Fref%3Daymt_homepage_panel\">Facebook\u00a0<\/a>e veja nossas mat\u00e9rias e fotos. Voc\u00ea tamb\u00e9m pode enviar informa\u00e7\u00f5es \u00e0 Reda\u00e7\u00e3o do Portal Cariri em A\u00e7\u00e3o pelo WhatsApp (83) 9 9634.5791, (83) 9 9601-1162 ou (83) 9 99418939.<\/strong><\/p>\n","protected":false},"excerpt":{"rendered":"<p>J\u00e1 est\u00e3o funcionando como rege as normas do Minist\u00e9rio da Sa\u00fade, as equipes de Sa\u00fade da Fam\u00edlia do Munic\u00edpio de Serra Branca. As 5 equipes&hellip; <\/p>\n","protected":false},"author":2,"featured_media":12912,"comment_status":"closed","ping_status":"closed","sticky":false,"template":"","format":"standard","meta":{"sfsi_plus_gutenberg_text_before_share":"","sfsi_plus_gutenberg_show_text_before_share":"","sfsi_plus_gutenberg_icon_type":"","sfsi_plus_gutenberg_icon_alignemt":"","sfsi_plus_gutenburg_max_per_row":"","footnotes":""},"categories":[16],"tags":[],"class_list":["post-12911","post","type-post","status-publish","format-standard","has-post-thumbnail","hentry","category-saude"],"_links":{"self":[{"href":"https:\/\/www.caririemacao.com\/1\/wp-json\/wp\/v2\/posts\/12911","targetHints":{"allow":["GET"]}}],"collection":[{"href":"https:\/\/www.caririemacao.com\/1\/wp-json\/wp\/v2\/posts"}],"about":[{"href":"https:\/\/www.caririemacao.com\/1\/wp-json\/wp\/v2\/types\/post"}],"author":[{"embeddable":true,"href":"https:\/\/www.caririemacao.com\/1\/wp-json\/wp\/v2\/users\/2"}],"replies":[{"embeddable":true,"href":"https:\/\/www.caririemacao.com\/1\/wp-json\/wp\/v2\/comments?post=12911"}],"version-history":[{"count":0,"href":"https:\/\/www.caririemacao.com\/1\/wp-json\/wp\/v2\/posts\/12911\/revisions"}],"wp:featuredmedia":[{"embeddable":true,"href":"https:\/\/www.caririemacao.com\/1\/wp-json\/wp\/v2\/media\/12912"}],"wp:attachment":[{"href":"https:\/\/www.caririemacao.com\/1\/wp-json\/wp\/v2\/media?parent=12911"}],"wp:term":[{"taxonomy":"category","embeddable":true,"href":"https:\/\/www.caririemacao.com\/1\/wp-json\/wp\/v2\/categories?post=12911"},{"taxonomy":"post_tag","embeddable":true,"href":"https:\/\/www.caririemacao.com\/1\/wp-json\/wp\/v2\/tags?post=12911"}],"curies":[{"name":"wp","href":"https:\/\/api.w.org\/{rel}","templated":true}]}}