{"id":129110,"date":"2019-10-23T10:41:08","date_gmt":"2019-10-23T13:41:08","guid":{"rendered":"http:\/\/www.caririemacao.com\/1\/?p=129110"},"modified":"2019-10-23T10:41:08","modified_gmt":"2019-10-23T13:41:08","slug":"mais-luz-no-campo-monteiro-implanta-maior-programa-de-iluminacao-rural-da-historia-do-municipio","status":"publish","type":"post","link":"https:\/\/www.caririemacao.com\/1\/2019\/10\/23\/mais-luz-no-campo-monteiro-implanta-maior-programa-de-iluminacao-rural-da-historia-do-municipio\/","title":{"rendered":"MAIS LUZ NO CAMPO\u201d: Monteiro implanta maior programa de Ilumina\u00e7\u00e3o rural da hist\u00f3ria do munic\u00edpio"},"content":{"rendered":"\n<p>A prefeita de Monteiro, Anna Lorena, atendendo uma reivindica\u00e7\u00e3o dos representantes de mais de 50 associa\u00e7\u00f5es existentes nas comunidades rurais do munic\u00edpio, solicitou a cria\u00e7\u00e3o e posterior execu\u00e7\u00e3o do que j\u00e1 \u00e9 considerado o maior programa de Ilumina\u00e7\u00e3o rural da hist\u00f3ria do munic\u00edpio.<\/p>\n\n\n\n<p>O programa \u201cMAIS LUZ NO CAMPO\u201d, visa suprir a demanda de ilumina\u00e7\u00e3o p\u00fablica de todas as resid\u00eancias da zona rural, com a substitui\u00e7\u00e3o de l\u00e2mpadas, soquetes, bocal, rel\u00e9, lumin\u00e1ria, bra\u00e7os de sustenta\u00e7\u00e3o ou qualquer outro servi\u00e7o de manuten\u00e7\u00e3o necess\u00e1rio.<\/p>\n\n\n\n<p>Para ter acesso ao programa, todas as demandas de cada comunidade dever\u00e3o ser encaminhadas via associa\u00e7\u00e3o rural, \u00e0 Secretaria de Agricultura do Munic\u00edpio, que inclui na agenda de servi\u00e7os e j\u00e1 estabelece um prazo m\u00e9dio de in\u00edcio e conclus\u00e3o dos servi\u00e7os para cada comunidade. Na data agendada, a equipe de eletricistas \u00e9 acompanhada pelo presidente da associa\u00e7\u00e3o rural ou seu representante para comprova\u00e7\u00e3o dos servi\u00e7os realizados.<\/p>\n\n\n\n<p>Na \u00faltima semana, a equipe de eletricistas da Secretaria de Agricultura esteve fazendo o trabalho de reposi\u00e7\u00e3o de l\u00e2mpadas e colocando lumin\u00e1rias nas comunidades de Moc\u00f3 de Baixo, Moc\u00f3 de Cima, Cupiras, Po\u00e7o de Baixo e Cacimbinha, com o acompanhamento e supervis\u00e3o do presidente da Associa\u00e7\u00e3o, Nena Torres.<\/p>\n","protected":false},"excerpt":{"rendered":"<p>A prefeita de Monteiro, Anna Lorena, atendendo uma reivindica\u00e7\u00e3o dos representantes de mais de 50 associa\u00e7\u00f5es existentes nas comunidades rurais do munic\u00edpio, solicitou a cria\u00e7\u00e3o&hellip; <\/p>\n","protected":false},"author":1,"featured_media":12074,"comment_status":"closed","ping_status":"closed","sticky":false,"template":"","format":"standard","meta":{"sfsi_plus_gutenberg_text_before_share":"","sfsi_plus_gutenberg_show_text_before_share":"","sfsi_plus_gutenberg_icon_type":"","sfsi_plus_gutenberg_icon_alignemt":"","sfsi_plus_gutenburg_max_per_row":"","footnotes":""},"categories":[50,2],"tags":[],"class_list":["post-129110","post","type-post","status-publish","format-standard","has-post-thumbnail","hentry","category-destaque","category-geral"],"_links":{"self":[{"href":"https:\/\/www.caririemacao.com\/1\/wp-json\/wp\/v2\/posts\/129110","targetHints":{"allow":["GET"]}}],"collection":[{"href":"https:\/\/www.caririemacao.com\/1\/wp-json\/wp\/v2\/posts"}],"about":[{"href":"https:\/\/www.caririemacao.com\/1\/wp-json\/wp\/v2\/types\/post"}],"author":[{"embeddable":true,"href":"https:\/\/www.caririemacao.com\/1\/wp-json\/wp\/v2\/users\/1"}],"replies":[{"embeddable":true,"href":"https:\/\/www.caririemacao.com\/1\/wp-json\/wp\/v2\/comments?post=129110"}],"version-history":[{"count":1,"href":"https:\/\/www.caririemacao.com\/1\/wp-json\/wp\/v2\/posts\/129110\/revisions"}],"predecessor-version":[{"id":129112,"href":"https:\/\/www.caririemacao.com\/1\/wp-json\/wp\/v2\/posts\/129110\/revisions\/129112"}],"wp:featuredmedia":[{"embeddable":true,"href":"https:\/\/www.caririemacao.com\/1\/wp-json\/wp\/v2\/media\/12074"}],"wp:attachment":[{"href":"https:\/\/www.caririemacao.com\/1\/wp-json\/wp\/v2\/media?parent=129110"}],"wp:term":[{"taxonomy":"category","embeddable":true,"href":"https:\/\/www.caririemacao.com\/1\/wp-json\/wp\/v2\/categories?post=129110"},{"taxonomy":"post_tag","embeddable":true,"href":"https:\/\/www.caririemacao.com\/1\/wp-json\/wp\/v2\/tags?post=129110"}],"curies":[{"name":"wp","href":"https:\/\/api.w.org\/{rel}","templated":true}]}}