{"id":129121,"date":"2019-10-23T11:58:27","date_gmt":"2019-10-23T14:58:27","guid":{"rendered":"http:\/\/www.caririemacao.com\/1\/?p=129121"},"modified":"2019-10-23T11:58:27","modified_gmt":"2019-10-23T14:58:27","slug":"reforma-da-previdencia-qual-a-situacao-de-quem-ainda-nao-se-aposentou-veja-aqui","status":"publish","type":"post","link":"https:\/\/www.caririemacao.com\/1\/2019\/10\/23\/reforma-da-previdencia-qual-a-situacao-de-quem-ainda-nao-se-aposentou-veja-aqui\/","title":{"rendered":"Reforma da Previd\u00eancia: qual a situa\u00e7\u00e3o de quem ainda n\u00e3o se aposentou? Veja aqui"},"content":{"rendered":"\n<p>&nbsp;As pessoas que completaram os requisitos para a aposentadoria pelas regras vigentes antes da&nbsp;<a href=\"https:\/\/paraibaonline.com.br\/2019\/10\/reforma-da-previdencia-servidor-federal-tem-idade-minima-como-na-iniciativa-privada\/\">promulga\u00e7\u00e3o da reforma da Previd\u00eancia<\/a>&nbsp;possuem o chamado direito adquirido. Por isso, n\u00e3o precisam correr para solicitar o benef\u00edcio.<\/p>\n\n\n\n<p>Segundo especialistas em direito previdenci\u00e1rio, h\u00e1 casos em que pode ser mais vantajoso trocar as regras antigas por uma das op\u00e7\u00f5es previstas nas regras de transi\u00e7\u00e3o. A quest\u00e3o dever\u00e1 ser avaliada caso a caso.<\/p>\n\n\n\n<p>Adriane Bramante, presidente do IBDP (Instituto Brasileiro de Direito Previdenci\u00e1rio), cita o exemplo real de um cliente que tem hoje 37 anos de contribui\u00e7\u00f5es e 58 anos e 11 meses de idade.<\/p>\n\n\n\n<p>Se der entrada no pedido de aposentadoria pelas regras atuais, com um fator previdenci\u00e1rio de 0,83, ter\u00e1 um benef\u00edcio de R$ 4.681, considerando todas as contribui\u00e7\u00f5es pelo teto.<\/p>\n\n\n\n<p>Com a reforma, poder\u00e1 optar por uma das regras de transi\u00e7\u00e3o, com a soma de idade e tempo de contribui\u00e7\u00e3o de 96 pontos e obter um benef\u00edcio de R$ 5.025.<\/p>\n\n\n\n<p>\u201cH\u00e1 v\u00e1rios casos em que, se aplicado o fator previdenci\u00e1rio hoje, a pessoa pode ter um preju\u00edzo. O segurado deve fazer um planejamento antes de dar entrada na aposentadoria. Mesmo que ele n\u00e3o requeira hoje o benef\u00edcio, tem de ser mantido o direito adquirido dele<\/p>\n","protected":false},"excerpt":{"rendered":"<p>&nbsp;As pessoas que completaram os requisitos para a aposentadoria pelas regras vigentes antes da&nbsp;promulga\u00e7\u00e3o da reforma da Previd\u00eancia&nbsp;possuem o chamado direito adquirido. Por isso, n\u00e3o&hellip; <\/p>\n","protected":false},"author":1,"featured_media":105957,"comment_status":"closed","ping_status":"closed","sticky":false,"template":"","format":"standard","meta":{"sfsi_plus_gutenberg_text_before_share":"","sfsi_plus_gutenberg_show_text_before_share":"","sfsi_plus_gutenberg_icon_type":"","sfsi_plus_gutenberg_icon_alignemt":"","sfsi_plus_gutenburg_max_per_row":"","footnotes":""},"categories":[2],"tags":[],"class_list":["post-129121","post","type-post","status-publish","format-standard","has-post-thumbnail","hentry","category-geral"],"_links":{"self":[{"href":"https:\/\/www.caririemacao.com\/1\/wp-json\/wp\/v2\/posts\/129121","targetHints":{"allow":["GET"]}}],"collection":[{"href":"https:\/\/www.caririemacao.com\/1\/wp-json\/wp\/v2\/posts"}],"about":[{"href":"https:\/\/www.caririemacao.com\/1\/wp-json\/wp\/v2\/types\/post"}],"author":[{"embeddable":true,"href":"https:\/\/www.caririemacao.com\/1\/wp-json\/wp\/v2\/users\/1"}],"replies":[{"embeddable":true,"href":"https:\/\/www.caririemacao.com\/1\/wp-json\/wp\/v2\/comments?post=129121"}],"version-history":[{"count":1,"href":"https:\/\/www.caririemacao.com\/1\/wp-json\/wp\/v2\/posts\/129121\/revisions"}],"predecessor-version":[{"id":129122,"href":"https:\/\/www.caririemacao.com\/1\/wp-json\/wp\/v2\/posts\/129121\/revisions\/129122"}],"wp:featuredmedia":[{"embeddable":true,"href":"https:\/\/www.caririemacao.com\/1\/wp-json\/wp\/v2\/media\/105957"}],"wp:attachment":[{"href":"https:\/\/www.caririemacao.com\/1\/wp-json\/wp\/v2\/media?parent=129121"}],"wp:term":[{"taxonomy":"category","embeddable":true,"href":"https:\/\/www.caririemacao.com\/1\/wp-json\/wp\/v2\/categories?post=129121"},{"taxonomy":"post_tag","embeddable":true,"href":"https:\/\/www.caririemacao.com\/1\/wp-json\/wp\/v2\/tags?post=129121"}],"curies":[{"name":"wp","href":"https:\/\/api.w.org\/{rel}","templated":true}]}}