{"id":129127,"date":"2019-10-23T12:45:29","date_gmt":"2019-10-23T15:45:29","guid":{"rendered":"http:\/\/www.caririemacao.com\/1\/?p=129127"},"modified":"2019-10-23T12:45:29","modified_gmt":"2019-10-23T15:45:29","slug":"prefeito-de-sao-joao-do-tigre-participa-de-audiencia-com-superintendente-da-funasa-em-jp","status":"publish","type":"post","link":"https:\/\/www.caririemacao.com\/1\/2019\/10\/23\/prefeito-de-sao-joao-do-tigre-participa-de-audiencia-com-superintendente-da-funasa-em-jp\/","title":{"rendered":"Prefeito de S\u00e3o Jo\u00e3o do Tigre participa de audi\u00eancia com Superintendente da Funasa em JP"},"content":{"rendered":"\n<figure class=\"wp-block-image\"><a href=\"https:\/\/1.bp.blogspot.com\/-S_ZoqZfNuz4\/XbByyx-hD-I\/AAAAAAAAlQU\/bPe2eVKb23MaYne1tkyrvJPcIM8uGnUMwCLcBGAsYHQ\/s1600\/003.jpeg\"><img decoding=\"async\" data-src=\"https:\/\/1.bp.blogspot.com\/-S_ZoqZfNuz4\/XbByyx-hD-I\/AAAAAAAAlQU\/bPe2eVKb23MaYne1tkyrvJPcIM8uGnUMwCLcBGAsYHQ\/s640\/003.jpeg\" alt=\"\" src=\"data:image\/svg+xml;base64,PHN2ZyB3aWR0aD0iMSIgaGVpZ2h0PSIxIiB4bWxucz0iaHR0cDovL3d3dy53My5vcmcvMjAwMC9zdmciPjwvc3ZnPg==\" class=\"lazyload\" \/><\/a><\/figure>\n\n\n\n<p>O Prefeito de S\u00e3o Jo\u00e3o do Tigre, C\u00e9lio Barbosa, participou nesta quarta-feira (23), de uma audi\u00eancia com a Superintendente da Funasa, Virg\u00ednia Maria, em Jo\u00e3o Pessoa, em busca da libera\u00e7\u00e3o de recursos para o munic\u00edpio de S\u00e3o Jo\u00e3o do Tigre.<\/p>\n\n\n\n<p>Na oportunidade, C\u00e9lio Barbosa tratou sobre a libera\u00e7\u00e3o de recursos para o abastecimento de \u00e1gua do Distrito de Santa Maria, bem como a libera\u00e7\u00e3o de recursos para realiza\u00e7\u00e3o de mais a\u00e7\u00f5es no munic\u00edpio.<\/p>\n\n\n\n<p>&#8220;Foi uma reuni\u00e3o bastante proveitosa, e recebemos uma boa aten\u00e7\u00e3o e garantia no atendimento desses importantes pleitos para o munic\u00edpio&#8221;, afirmou o gestor.<\/p>\n","protected":false},"excerpt":{"rendered":"<p>O Prefeito de S\u00e3o Jo\u00e3o do Tigre, C\u00e9lio Barbosa, participou nesta quarta-feira (23), de uma audi\u00eancia com a Superintendente da Funasa, Virg\u00ednia Maria, em Jo\u00e3o&hellip; <\/p>\n","protected":false},"author":1,"featured_media":129128,"comment_status":"closed","ping_status":"closed","sticky":false,"template":"","format":"standard","meta":{"sfsi_plus_gutenberg_text_before_share":"","sfsi_plus_gutenberg_show_text_before_share":"","sfsi_plus_gutenberg_icon_type":"","sfsi_plus_gutenberg_icon_alignemt":"","sfsi_plus_gutenburg_max_per_row":"","footnotes":""},"categories":[2],"tags":[],"class_list":["post-129127","post","type-post","status-publish","format-standard","has-post-thumbnail","hentry","category-geral"],"_links":{"self":[{"href":"https:\/\/www.caririemacao.com\/1\/wp-json\/wp\/v2\/posts\/129127","targetHints":{"allow":["GET"]}}],"collection":[{"href":"https:\/\/www.caririemacao.com\/1\/wp-json\/wp\/v2\/posts"}],"about":[{"href":"https:\/\/www.caririemacao.com\/1\/wp-json\/wp\/v2\/types\/post"}],"author":[{"embeddable":true,"href":"https:\/\/www.caririemacao.com\/1\/wp-json\/wp\/v2\/users\/1"}],"replies":[{"embeddable":true,"href":"https:\/\/www.caririemacao.com\/1\/wp-json\/wp\/v2\/comments?post=129127"}],"version-history":[{"count":1,"href":"https:\/\/www.caririemacao.com\/1\/wp-json\/wp\/v2\/posts\/129127\/revisions"}],"predecessor-version":[{"id":129129,"href":"https:\/\/www.caririemacao.com\/1\/wp-json\/wp\/v2\/posts\/129127\/revisions\/129129"}],"wp:featuredmedia":[{"embeddable":true,"href":"https:\/\/www.caririemacao.com\/1\/wp-json\/wp\/v2\/media\/129128"}],"wp:attachment":[{"href":"https:\/\/www.caririemacao.com\/1\/wp-json\/wp\/v2\/media?parent=129127"}],"wp:term":[{"taxonomy":"category","embeddable":true,"href":"https:\/\/www.caririemacao.com\/1\/wp-json\/wp\/v2\/categories?post=129127"},{"taxonomy":"post_tag","embeddable":true,"href":"https:\/\/www.caririemacao.com\/1\/wp-json\/wp\/v2\/tags?post=129127"}],"curies":[{"name":"wp","href":"https:\/\/api.w.org\/{rel}","templated":true}]}}