{"id":129139,"date":"2019-10-23T13:42:29","date_gmt":"2019-10-23T16:42:29","guid":{"rendered":"http:\/\/www.caririemacao.com\/1\/?p=129139"},"modified":"2019-10-23T13:42:29","modified_gmt":"2019-10-23T16:42:29","slug":"sao-sebastiao-do-umbuzeiro-ganhara-centro-publico-de-convivencia","status":"publish","type":"post","link":"https:\/\/www.caririemacao.com\/1\/2019\/10\/23\/sao-sebastiao-do-umbuzeiro-ganhara-centro-publico-de-convivencia\/","title":{"rendered":"S\u00e3o Sebasti\u00e3o do Umbuzeiro ganhar\u00e1 Centro P\u00fablico de Conviv\u00eancia"},"content":{"rendered":"\n<p>O deputado federal Efraim Filho confirmou nesta ter\u00e7a-feira (22), o empenho para constru\u00e7\u00e3o do Centro P\u00fablico de Conviv\u00eancia de S\u00e3o Sebasti\u00e3o do Umbuzeiro, que funcionar\u00e1 no Antigo Clube Municipal. O valor empenhado \u00e9 R$ 477.500,00.<\/p>\n\n\n\n<p>O Prefeito Adriano Wolff comemorou a not\u00edcia, e disse que com esse recurso o Clube Municipal ir\u00e1 ser reformado e ampliando, onde ser\u00e1 transformado no Centro de Conviv\u00eancia do Munic\u00edpio.<\/p>\n\n\n\n<p>\u201cO Centro de Conviv\u00eancia ir\u00e1 atender crian\u00e7as com defici\u00eancia, pessoas idosas e p\u00fablico em geral, e contar\u00e1 com piscina, hidrogin\u00e1stica, sala de jogos, sala de atendimento, salas para palestras e reuni\u00f5es, uma pista de caminhada, entre outras coisas, tornando um local melhor e agrad\u00e1vel\u201d, disse o prefeito.<\/p>\n\n\n\n<p>Adriano ainda informou que o projeto j\u00e1 est\u00e1 praticamente pronto e encaminhar\u00e1 para Caixa, para que seja autorizado a licita\u00e7\u00e3o.<\/p>\n","protected":false},"excerpt":{"rendered":"<p>O deputado federal Efraim Filho confirmou nesta ter\u00e7a-feira (22), o empenho para constru\u00e7\u00e3o do Centro P\u00fablico de Conviv\u00eancia de S\u00e3o Sebasti\u00e3o do Umbuzeiro, que funcionar\u00e1&hellip; <\/p>\n","protected":false},"author":1,"featured_media":129140,"comment_status":"closed","ping_status":"closed","sticky":false,"template":"","format":"standard","meta":{"sfsi_plus_gutenberg_text_before_share":"","sfsi_plus_gutenberg_show_text_before_share":"","sfsi_plus_gutenberg_icon_type":"","sfsi_plus_gutenberg_icon_alignemt":"","sfsi_plus_gutenburg_max_per_row":"","footnotes":""},"categories":[6,50],"tags":[],"class_list":["post-129139","post","type-post","status-publish","format-standard","has-post-thumbnail","hentry","category-cidades","category-destaque"],"_links":{"self":[{"href":"https:\/\/www.caririemacao.com\/1\/wp-json\/wp\/v2\/posts\/129139","targetHints":{"allow":["GET"]}}],"collection":[{"href":"https:\/\/www.caririemacao.com\/1\/wp-json\/wp\/v2\/posts"}],"about":[{"href":"https:\/\/www.caririemacao.com\/1\/wp-json\/wp\/v2\/types\/post"}],"author":[{"embeddable":true,"href":"https:\/\/www.caririemacao.com\/1\/wp-json\/wp\/v2\/users\/1"}],"replies":[{"embeddable":true,"href":"https:\/\/www.caririemacao.com\/1\/wp-json\/wp\/v2\/comments?post=129139"}],"version-history":[{"count":1,"href":"https:\/\/www.caririemacao.com\/1\/wp-json\/wp\/v2\/posts\/129139\/revisions"}],"predecessor-version":[{"id":129141,"href":"https:\/\/www.caririemacao.com\/1\/wp-json\/wp\/v2\/posts\/129139\/revisions\/129141"}],"wp:featuredmedia":[{"embeddable":true,"href":"https:\/\/www.caririemacao.com\/1\/wp-json\/wp\/v2\/media\/129140"}],"wp:attachment":[{"href":"https:\/\/www.caririemacao.com\/1\/wp-json\/wp\/v2\/media?parent=129139"}],"wp:term":[{"taxonomy":"category","embeddable":true,"href":"https:\/\/www.caririemacao.com\/1\/wp-json\/wp\/v2\/categories?post=129139"},{"taxonomy":"post_tag","embeddable":true,"href":"https:\/\/www.caririemacao.com\/1\/wp-json\/wp\/v2\/tags?post=129139"}],"curies":[{"name":"wp","href":"https:\/\/api.w.org\/{rel}","templated":true}]}}