{"id":129142,"date":"2019-10-23T13:43:48","date_gmt":"2019-10-23T16:43:48","guid":{"rendered":"http:\/\/www.caririemacao.com\/1\/?p=129142"},"modified":"2019-10-23T13:43:48","modified_gmt":"2019-10-23T16:43:48","slug":"prefeita-de-monteiro-decreta-ponto-facultativo-no-dia-do-servidor-publico","status":"publish","type":"post","link":"https:\/\/www.caririemacao.com\/1\/2019\/10\/23\/prefeita-de-monteiro-decreta-ponto-facultativo-no-dia-do-servidor-publico\/","title":{"rendered":"Prefeita de Monteiro decreta ponto facultativo no Dia do Servidor P\u00fablico"},"content":{"rendered":"\n<p>A prefeita do munic\u00edpio de Monteiro, Anna Lorena, assinou esta semana o decreto que estabelece ponto facultativo nas reparti\u00e7\u00f5es municipais na pr\u00f3xima segunda-feira, dia 28, em alus\u00e3o ao Dia do Servidor P\u00fablico.<\/p>\n\n\n\n<p>O referido decreto acompanha a tend\u00eancia de v\u00e1rias reparti\u00e7\u00f5es p\u00fablicas estaduais e federais.<\/p>\n\n\n\n<p>\u201cApesar do feriado nas reparti\u00e7\u00f5es municipais na segunda-feira, n\u00e3o representa nenhuma perda para os cidad\u00e3os monteirense haja vista que os servi\u00e7os essenciais ser\u00e3o mantidos\u201d, disse a prefeita Anna Lorena.<\/p>\n","protected":false},"excerpt":{"rendered":"<p>A prefeita do munic\u00edpio de Monteiro, Anna Lorena, assinou esta semana o decreto que estabelece ponto facultativo nas reparti\u00e7\u00f5es municipais na pr\u00f3xima segunda-feira, dia 28,&hellip; <\/p>\n","protected":false},"author":1,"featured_media":106427,"comment_status":"closed","ping_status":"closed","sticky":false,"template":"","format":"standard","meta":{"sfsi_plus_gutenberg_text_before_share":"","sfsi_plus_gutenberg_show_text_before_share":"","sfsi_plus_gutenberg_icon_type":"","sfsi_plus_gutenberg_icon_alignemt":"","sfsi_plus_gutenburg_max_per_row":"","footnotes":""},"categories":[2],"tags":[],"class_list":["post-129142","post","type-post","status-publish","format-standard","has-post-thumbnail","hentry","category-geral"],"_links":{"self":[{"href":"https:\/\/www.caririemacao.com\/1\/wp-json\/wp\/v2\/posts\/129142","targetHints":{"allow":["GET"]}}],"collection":[{"href":"https:\/\/www.caririemacao.com\/1\/wp-json\/wp\/v2\/posts"}],"about":[{"href":"https:\/\/www.caririemacao.com\/1\/wp-json\/wp\/v2\/types\/post"}],"author":[{"embeddable":true,"href":"https:\/\/www.caririemacao.com\/1\/wp-json\/wp\/v2\/users\/1"}],"replies":[{"embeddable":true,"href":"https:\/\/www.caririemacao.com\/1\/wp-json\/wp\/v2\/comments?post=129142"}],"version-history":[{"count":1,"href":"https:\/\/www.caririemacao.com\/1\/wp-json\/wp\/v2\/posts\/129142\/revisions"}],"predecessor-version":[{"id":129143,"href":"https:\/\/www.caririemacao.com\/1\/wp-json\/wp\/v2\/posts\/129142\/revisions\/129143"}],"wp:featuredmedia":[{"embeddable":true,"href":"https:\/\/www.caririemacao.com\/1\/wp-json\/wp\/v2\/media\/106427"}],"wp:attachment":[{"href":"https:\/\/www.caririemacao.com\/1\/wp-json\/wp\/v2\/media?parent=129142"}],"wp:term":[{"taxonomy":"category","embeddable":true,"href":"https:\/\/www.caririemacao.com\/1\/wp-json\/wp\/v2\/categories?post=129142"},{"taxonomy":"post_tag","embeddable":true,"href":"https:\/\/www.caririemacao.com\/1\/wp-json\/wp\/v2\/tags?post=129142"}],"curies":[{"name":"wp","href":"https:\/\/api.w.org\/{rel}","templated":true}]}}