{"id":129145,"date":"2019-10-23T13:45:23","date_gmt":"2019-10-23T16:45:23","guid":{"rendered":"http:\/\/www.caririemacao.com\/1\/?p=129145"},"modified":"2019-10-23T13:45:23","modified_gmt":"2019-10-23T16:45:23","slug":"relator-no-stf-vota-contra-prisao-apos-condenacao-em-segunda-instancia","status":"publish","type":"post","link":"https:\/\/www.caririemacao.com\/1\/2019\/10\/23\/relator-no-stf-vota-contra-prisao-apos-condenacao-em-segunda-instancia\/","title":{"rendered":"Relator no STF vota contra pris\u00e3o ap\u00f3s condena\u00e7\u00e3o em segunda inst\u00e2ncia"},"content":{"rendered":"\n<p>O ministro Marco Aur\u00e9lio Mello, do Supremo Tribunal Federal (STF), votou nesta quarta-feira (23) para que seja alterado o entendimento da Corte e derrubada a possibilidade de pris\u00f5es de condenados em segunda inst\u00e2ncia.<\/p>\n\n\n\n<p>Em seu voto, o ministro tamb\u00e9m determina a soltura de presos, exceto aqueles que possam ser alvo de pris\u00e3o preventiva, como presos perigosos ou que representem risco \u00e0 sociedade.<\/p>\n\n\n\n<p>O STF retomou nesta manh\u00e3 o julgamento para definir o momento em que uma pessoa condenada poder\u00e1 ser presa: se ap\u00f3s condena\u00e7\u00e3o em segunda inst\u00e2ncia ou se somente quando se esgotarem todos os recursos (tr\u00e2nsito em julgado).<\/p>\n\n\n\n<p>No voto, Marco Aur\u00e9lio Mello afirmou que sua vis\u00e3o do tema \u00e9 desde sempre conhecida. \u201cDesde sempre implemento a resist\u00eancia democr\u00e1tica e republicana na mat\u00e9ria, incont\u00e1veis habeas corpus voltados a preservar a liberdade de ir e vir do cidad\u00e3o\u201d, afirmou.<\/p>\n\n\n\n<p>Mello afirmou que observar\u00e1 o pronunciamento da Corte, mesmo que seja contr\u00e1rio \u00e0 sua posi\u00e7\u00e3o, porque ser\u00e1 vinculante (valer\u00e1 para todos os casos na Justi\u00e7a). Mas defendeu que \u201ca culpa surge ap\u00f3s alcan\u00e7ada a preclus\u00e3o maior\u201d.<\/p>\n\n\n\n<p>Ainda segundo o relator, \u201cningu\u00e9m ser\u00e1 considerado culpado at\u00e9 o tr\u00e2nsito em julgado de senten\u00e7a penal condenat\u00f3ria\u201d.<\/p>\n\n\n\n<p>\u201cA literalidade do preceito n\u00e3o deixa margem a d\u00favidas: a culpa \u00e9 pressuposto da san\u00e7\u00e3o, e a constata\u00e7\u00e3o ocorre apenas com a preclus\u00e3o maior\u201d, afirmou. \u201cO dispositivo n\u00e3o abre campo a controv\u00e9rsias sem\u00e2nticas.\u201d<\/p>\n\n\n\n<p>Para Mello, a Constitui\u00e7\u00e3o de 1988 \u201cconsagrou a excepcionalidade da cust\u00f3dia no sistema penal brasileiro, sobretudo no tocante \u00e0 supress\u00e3o da liberdade anterior ao tr\u00e2nsito em julgado da decis\u00e3o condenat\u00f3ria\u201d. \u201cA regra \u00e9 apurar para (\u2026) prender, em execu\u00e7\u00e3o da pena, que n\u00e3o admite a forma provis\u00f3ria.\u201d<\/p>\n\n\n\n<p>O relator argumentou que uma pessoa que tem recursos pendentes ainda pode ser absolvida. E se ela for presa antes, ningu\u00e9m poder\u00e1 devolver a ela o tempo da liberdade perdida. \u201cA liberdade ser\u00e1 devolvida ao cidad\u00e3o? \u00c0quele que surge como inocente? A resposta \u00e9 negativa.\u201d<\/p>\n","protected":false},"excerpt":{"rendered":"<p>O ministro Marco Aur\u00e9lio Mello, do Supremo Tribunal Federal (STF), votou nesta quarta-feira (23) para que seja alterado o entendimento da Corte e derrubada a&hellip; <\/p>\n","protected":false},"author":1,"featured_media":15626,"comment_status":"closed","ping_status":"closed","sticky":false,"template":"","format":"standard","meta":{"sfsi_plus_gutenberg_text_before_share":"","sfsi_plus_gutenberg_show_text_before_share":"","sfsi_plus_gutenberg_icon_type":"","sfsi_plus_gutenberg_icon_alignemt":"","sfsi_plus_gutenburg_max_per_row":"","footnotes":""},"categories":[11],"tags":[],"class_list":["post-129145","post","type-post","status-publish","format-standard","has-post-thumbnail","hentry","category-politica"],"_links":{"self":[{"href":"https:\/\/www.caririemacao.com\/1\/wp-json\/wp\/v2\/posts\/129145","targetHints":{"allow":["GET"]}}],"collection":[{"href":"https:\/\/www.caririemacao.com\/1\/wp-json\/wp\/v2\/posts"}],"about":[{"href":"https:\/\/www.caririemacao.com\/1\/wp-json\/wp\/v2\/types\/post"}],"author":[{"embeddable":true,"href":"https:\/\/www.caririemacao.com\/1\/wp-json\/wp\/v2\/users\/1"}],"replies":[{"embeddable":true,"href":"https:\/\/www.caririemacao.com\/1\/wp-json\/wp\/v2\/comments?post=129145"}],"version-history":[{"count":1,"href":"https:\/\/www.caririemacao.com\/1\/wp-json\/wp\/v2\/posts\/129145\/revisions"}],"predecessor-version":[{"id":129146,"href":"https:\/\/www.caririemacao.com\/1\/wp-json\/wp\/v2\/posts\/129145\/revisions\/129146"}],"wp:featuredmedia":[{"embeddable":true,"href":"https:\/\/www.caririemacao.com\/1\/wp-json\/wp\/v2\/media\/15626"}],"wp:attachment":[{"href":"https:\/\/www.caririemacao.com\/1\/wp-json\/wp\/v2\/media?parent=129145"}],"wp:term":[{"taxonomy":"category","embeddable":true,"href":"https:\/\/www.caririemacao.com\/1\/wp-json\/wp\/v2\/categories?post=129145"},{"taxonomy":"post_tag","embeddable":true,"href":"https:\/\/www.caririemacao.com\/1\/wp-json\/wp\/v2\/tags?post=129145"}],"curies":[{"name":"wp","href":"https:\/\/api.w.org\/{rel}","templated":true}]}}